{"id":584,"date":"2009-04-19T23:10:39","date_gmt":"2009-04-19T21:10:39","guid":{"rendered":"http:\/\/www.ufftour.de\/?p=584"},"modified":"2020-03-29T21:13:05","modified_gmt":"2020-03-29T19:13:05","slug":"treffen-der-rumanien-freunde","status":"publish","type":"post","link":"https:\/\/www.ufftour.de\/?p=584","title":{"rendered":"Treffen der Rum\u00e4nien-Freunde"},"content":{"rendered":"<p><em>geschrieben von Markus<\/em><\/p>\n<p>Auch in diesem Jahr haben Heike und ich wieder \"<a href=\"http:\/\/www.karpatenwilli.com\" target=\"_blank\" rel=\"noopener noreferrer\">Karpaten-Willi<\/a>\" und die Rum\u00e4nien-Freunde beim Treffen auf dem Campingplatz an der L\u00fctschetalsperre bei Oberhof besucht. Nachdem wir uns im letzten Jahr hier auf unsere erste Rum\u00e4nienreise vorbereitet hatten, wollten wir nun nat\u00fcrlich \u00fcber unsere Erfahrungen berichten. So steuerten wir auch unseren Bildbericht im Rahmen der Vortr\u00e4ge ein.<\/p>\n<p><!--more-->Es gab wieder viele interessante Gespr\u00e4che, \"kostenloses\" Fernweh und leckeren Tuica. Hilfreich bei zu viel Rum\u00e4nien-Sehnsucht k\u00f6nnte das neue Medikament <a href=\"http:\/\/gudrungudrun.de\/Romania%20akut.htm\" target=\"_blank\" rel=\"noopener noreferrer\"><strong>Romania akut<\/strong><\/a> sein (Gudrun und Hans stellten die Arznei vor). Eigentlich ist dieses Treffen f\u00fcr jeden Rum\u00e4nien-Reisenden ein Muss...<\/p>\n<p>Neben den interessanten Vortr\u00e4gen gab es auch in diesem Jahr wieder eine typische \"Willi-Wanderung\", diesmal mit Besuch des Gehlberger Glas- und Wilderermuseums mit einer Vorf\u00fchrung durch einen Glasbl\u00e4ser. Neben den \"offiziellen\" Bildvortr\u00e4gen im Nebenraum der Camping-Gastst\u00e4tte standen auch wieder n\u00e4chtliche Vortr\u00e4ge direkt auf dem Zeltplatz auf dem Programm.<\/p>\n<figure id=\"attachment_585\" aria-describedby=\"caption-attachment-585\" style=\"width: 500px\" class=\"wp-caption aligncenter\"><img loading=\"lazy\" decoding=\"async\" class=\"size-full wp-image-585\" title=\"Willis ber\u00fcchtigte Wanderungen (es geht NIE bergauf...)\" src=\"https:\/\/www.ufftour.de\/wp-content\/uploads\/2009\/05\/img_9920.jpg\" alt=\"Willis ber\u00fcchtigte Wanderungen (es geht NIE bergauf...)\" width=\"500\" height=\"333\" srcset=\"https:\/\/www.ufftour.de\/wp-content\/uploads\/2009\/05\/img_9920.jpg 500w, https:\/\/www.ufftour.de\/wp-content\/uploads\/2009\/05\/img_9920-300x199.jpg 300w\" sizes=\"auto, (max-width: 500px) 100vw, 500px\" \/><figcaption id=\"caption-attachment-585\" class=\"wp-caption-text\">Willis ber\u00fcchtigte Wanderungen (es geht NIE bergauf...)<\/figcaption><\/figure>\n<figure id=\"attachment_586\" aria-describedby=\"caption-attachment-586\" style=\"width: 500px\" class=\"wp-caption aligncenter\"><img loading=\"lazy\" decoding=\"async\" class=\"size-full wp-image-586\" title=\"Besuch bei einem Glasbl\u00e4ser in Gehlberg\" src=\"https:\/\/www.ufftour.de\/wp-content\/uploads\/2009\/05\/img_9926.jpg\" alt=\"Besuch bei einem Glasbl\u00e4ser in Gehlberg\" width=\"500\" height=\"333\" srcset=\"https:\/\/www.ufftour.de\/wp-content\/uploads\/2009\/05\/img_9926.jpg 500w, https:\/\/www.ufftour.de\/wp-content\/uploads\/2009\/05\/img_9926-300x199.jpg 300w\" sizes=\"auto, (max-width: 500px) 100vw, 500px\" \/><figcaption id=\"caption-attachment-586\" class=\"wp-caption-text\">Besuch bei einem Glasbl\u00e4ser in Gehlberg<\/figcaption><\/figure>\n<figure id=\"attachment_587\" aria-describedby=\"caption-attachment-587\" style=\"width: 333px\" class=\"wp-caption aligncenter\"><img loading=\"lazy\" decoding=\"async\" class=\"size-full wp-image-587\" title=\"Braun'sche R\u00f6hren im Glasmuseum\" src=\"https:\/\/www.ufftour.de\/wp-content\/uploads\/2009\/05\/img_9935.jpg\" alt=\"Braun'sche R\u00f6hren im Glasmuseum\" width=\"333\" height=\"500\" srcset=\"https:\/\/www.ufftour.de\/wp-content\/uploads\/2009\/05\/img_9935.jpg 333w, https:\/\/www.ufftour.de\/wp-content\/uploads\/2009\/05\/img_9935-199x300.jpg 199w\" sizes=\"auto, (max-width: 333px) 100vw, 333px\" \/><figcaption id=\"caption-attachment-587\" class=\"wp-caption-text\">Braun&#39;sche R\u00f6hren im Glasmuseum<\/figcaption><\/figure>\n<figure id=\"attachment_588\" aria-describedby=\"caption-attachment-588\" style=\"width: 500px\" class=\"wp-caption aligncenter\"><img loading=\"lazy\" decoding=\"async\" class=\"size-full wp-image-588\" title=\"n\u00e4chtliche Vortr\u00e4ge direkt bei den Zelten\" src=\"https:\/\/www.ufftour.de\/wp-content\/uploads\/2009\/05\/img_9943.jpg\" alt=\"n\u00e4chtliche Vortr\u00e4ge direkt bei den Zelten\" width=\"500\" height=\"333\" srcset=\"https:\/\/www.ufftour.de\/wp-content\/uploads\/2009\/05\/img_9943.jpg 500w, https:\/\/www.ufftour.de\/wp-content\/uploads\/2009\/05\/img_9943-300x199.jpg 300w\" sizes=\"auto, (max-width: 500px) 100vw, 500px\" \/><figcaption id=\"caption-attachment-588\" class=\"wp-caption-text\">n\u00e4chtliche Vortr\u00e4ge direkt bei den Zelten<\/figcaption><\/figure>\n","protected":false},"excerpt":{"rendered":"<p>geschrieben von Markus Auch in diesem Jahr haben Heike und ich wieder \"Karpaten-Willi\" und die Rum\u00e4nien-Freunde beim Treffen auf dem Campingplatz an der L\u00fctschetalsperre bei Oberhof besucht. Nachdem wir uns im letzten Jahr hier auf unsere erste Rum\u00e4nienreise vorbereitet hatten, wollten wir nun nat\u00fcrlich \u00fcber unsere Erfahrungen berichten. So steuerten wir auch unseren Bildbericht im <a href=\"https:\/\/www.ufftour.de\/?p=584\" class=\"more-link\">...weiterlesen<span class=\"screen-reader-text\"> \"Treffen der Rum\u00e4nien-Freunde\"<\/span><\/a><\/p>\n","protected":false},"author":3,"featured_media":0,"comment_status":"closed","ping_status":"open","sticky":false,"template":"","format":"standard","meta":{"footnotes":""},"categories":[21,4],"tags":[],"class_list":{"0":"post-584","1":"post","2":"type-post","3":"status-publish","4":"format-standard","6":"category-kurztrips","7":"category-treffen","8":"h-entry","9":"hentry","10":"h-as-article"},"_links":{"self":[{"href":"https:\/\/www.ufftour.de\/index.php?rest_route=\/wp\/v2\/posts\/584","targetHints":{"allow":["GET"]}}],"collection":[{"href":"https:\/\/www.ufftour.de\/index.php?rest_route=\/wp\/v2\/posts"}],"about":[{"href":"https:\/\/www.ufftour.de\/index.php?rest_route=\/wp\/v2\/types\/post"}],"author":[{"embeddable":true,"href":"https:\/\/www.ufftour.de\/index.php?rest_route=\/wp\/v2\/users\/3"}],"replies":[{"embeddable":true,"href":"https:\/\/www.ufftour.de\/index.php?rest_route=%2Fwp%2Fv2%2Fcomments&post=584"}],"version-history":[{"count":5,"href":"https:\/\/www.ufftour.de\/index.php?rest_route=\/wp\/v2\/posts\/584\/revisions"}],"predecessor-version":[{"id":4228,"href":"https:\/\/www.ufftour.de\/index.php?rest_route=\/wp\/v2\/posts\/584\/revisions\/4228"}],"wp:attachment":[{"href":"https:\/\/www.ufftour.de\/index.php?rest_route=%2Fwp%2Fv2%2Fmedia&parent=584"}],"wp:term":[{"taxonomy":"category","embeddable":true,"href":"https:\/\/www.ufftour.de\/index.php?rest_route=%2Fwp%2Fv2%2Fcategories&post=584"},{"taxonomy":"post_tag","embeddable":true,"href":"https:\/\/www.ufftour.de\/index.php?rest_route=%2Fwp%2Fv2%2Ftags&post=584"}],"curies":[{"name":"wp","href":"https:\/\/api.w.org\/{rel}","templated":true}]}}