{"id":4745,"date":"2023-04-20T11:23:26","date_gmt":"2023-04-20T09:23:26","guid":{"rendered":"https:\/\/www.ufftour.de\/?p=4745"},"modified":"2023-04-20T11:23:27","modified_gmt":"2023-04-20T09:23:27","slug":"mittel-und-westgriechenland","status":"publish","type":"post","link":"https:\/\/www.ufftour.de\/?p=4745","title":{"rendered":"Mittel und Westgriechenland"},"content":{"rendered":"\n<figure class=\"wp-block-image size-full\"><a href=\"https:\/\/www.ufftour.de\/wp-content\/uploads\/2023\/04\/401.12.21.10.22.-Varvaras-Wasserfaelle.jpg\"><img loading=\"lazy\" decoding=\"async\" width=\"540\" height=\"960\" src=\"https:\/\/www.ufftour.de\/wp-content\/uploads\/2023\/04\/401.12.21.10.22.-Varvaras-Wasserfaelle.jpg\" alt=\"\" class=\"wp-image-4746\" srcset=\"https:\/\/www.ufftour.de\/wp-content\/uploads\/2023\/04\/401.12.21.10.22.-Varvaras-Wasserfaelle.jpg 540w, https:\/\/www.ufftour.de\/wp-content\/uploads\/2023\/04\/401.12.21.10.22.-Varvaras-Wasserfaelle-169x300.jpg 169w\" sizes=\"auto, (max-width: 540px) 100vw, 540px\" \/><\/a><figcaption class=\"wp-element-caption\">Varvaras Wasserfall <\/figcaption><\/figure>\n\n\n\n<p>Der Weg zu den drei Fingern f\u00fchrte uns an den \u201eVarvaras Wasserf\u00e4llen\u201c \u00fcber \u201ePirgadikia\u201c ein sch\u00f6ner K\u00fcstenort, das an einer kleinen Bucht liegt, vorbei. <\/p>\n\n\n\n<!--more-->\n\n\n\n<p>Athos, Sithonia und Kassandra, die drei Finger sind kleine Halbinseln auf der Halbinsel Chalkidiki. Kassandra ist die touristisch am meisten erschlossene Insel. Sithonia noch eher nat\u00fcrlich und ruhiger. Athos, eine Insel der Kl\u00f6ster. Auch heute noch d\u00fcrfen nur m\u00e4nnliche Wesen diese Insel besuchen. Sogar die Tiere m\u00fcssen m\u00e4nnlich sein, au\u00dfer bei Katzen, da werden Ausnahmen gemacht. Kirchlich ist die Landzunge der Mutter Jesu gewidmet, um sie zu ehren, ist Frauen der Zutritt untersagt. Ein wenig verr\u00fcckt, oder? Verweilt haben wir nur auf Sithonia. Den heiligen Berg der Insel von Athos konnten wir von Sithonia sehr sch\u00f6n sehen und auf uns wirken lassen.<\/p>\n\n\n\n<figure class=\"wp-block-image size-full\"><a href=\"https:\/\/www.ufftour.de\/wp-content\/uploads\/2023\/04\/401.12.21.1.06.-heiliger-Berg-Arthos-Oros.jpg\"><img loading=\"lazy\" decoding=\"async\" width=\"960\" height=\"540\" src=\"https:\/\/www.ufftour.de\/wp-content\/uploads\/2023\/04\/401.12.21.1.06.-heiliger-Berg-Arthos-Oros.jpg\" alt=\"\" class=\"wp-image-4747\" srcset=\"https:\/\/www.ufftour.de\/wp-content\/uploads\/2023\/04\/401.12.21.1.06.-heiliger-Berg-Arthos-Oros.jpg 960w, https:\/\/www.ufftour.de\/wp-content\/uploads\/2023\/04\/401.12.21.1.06.-heiliger-Berg-Arthos-Oros-300x169.jpg 300w, https:\/\/www.ufftour.de\/wp-content\/uploads\/2023\/04\/401.12.21.1.06.-heiliger-Berg-Arthos-Oros-768x432.jpg 768w\" sizes=\"auto, (max-width: 960px) 100vw, 960px\" \/><\/a><figcaption class=\"wp-element-caption\">Berg Athos Oro 2033 m hoch<\/figcaption><\/figure>\n\n\n\n<p>In \u201eSarti\u201c, ein kleiner Ort auf Sithonia fanden wir am sch\u00f6nen Marktplatz einen kleinen Delikatessenladen. Zuf\u00e4lligerweise wird der Laden von einem Deutschen gef\u00fchrt. Er ist der Liebe wegen in Griechenland geblieben. Viele, die wir trafen, gaben diesen Grund an, weshalb sie hier ins Land kamen und blieben, doch meistens waren es Frauen. Dieser Ort war um diese Jahreszeit total ausgestorben. Wir wurden aber belehrt, da\u00df in den Sommermonaten hier kein leeres Zimmer, oder ein leerer Platz mehr zu finden sei. Vorstellen konnten wir uns das nicht. F\u00fcr uns war es eine willkommene Bekanntschaft. \u201eHubert\u201c lud Stefan auf ein Bier ein und ich konnte bei seiner Frau, die nebenan einen Fris\u00f6rsalon f\u00fchrte, die Haare in Form geschnitten bekommen, nachdem sie einen Termin einer Kundin f\u00fcr mich verlegt hatte. Wir bekamen auch noch Tipps f\u00fcr sch\u00f6ne Pl\u00e4tze, auf denen wir einsam stehen konnten.<\/p>\n\n\n\n<figure class=\"wp-block-image size-full\"><a href=\"https:\/\/www.ufftour.de\/wp-content\/uploads\/2023\/04\/401.12.21.06.26.-Stellplatz-an-der-6416.jpg\"><img loading=\"lazy\" decoding=\"async\" width=\"960\" height=\"540\" src=\"https:\/\/www.ufftour.de\/wp-content\/uploads\/2023\/04\/401.12.21.06.26.-Stellplatz-an-der-6416.jpg\" alt=\"\" class=\"wp-image-4748\" srcset=\"https:\/\/www.ufftour.de\/wp-content\/uploads\/2023\/04\/401.12.21.06.26.-Stellplatz-an-der-6416.jpg 960w, https:\/\/www.ufftour.de\/wp-content\/uploads\/2023\/04\/401.12.21.06.26.-Stellplatz-an-der-6416-300x169.jpg 300w, https:\/\/www.ufftour.de\/wp-content\/uploads\/2023\/04\/401.12.21.06.26.-Stellplatz-an-der-6416-768x432.jpg 768w\" sizes=\"auto, (max-width: 960px) 100vw, 960px\" \/><\/a><figcaption class=\"wp-element-caption\">Strand bei Sarti<\/figcaption><\/figure>\n\n\n\n<figure class=\"wp-block-image size-full\"><a href=\"https:\/\/www.ufftour.de\/wp-content\/uploads\/2023\/04\/402.12.21.11.49.-Sarti-Sithonia.jpg\"><img loading=\"lazy\" decoding=\"async\" width=\"960\" height=\"540\" src=\"https:\/\/www.ufftour.de\/wp-content\/uploads\/2023\/04\/402.12.21.11.49.-Sarti-Sithonia.jpg\" alt=\"\" class=\"wp-image-4749\" srcset=\"https:\/\/www.ufftour.de\/wp-content\/uploads\/2023\/04\/402.12.21.11.49.-Sarti-Sithonia.jpg 960w, https:\/\/www.ufftour.de\/wp-content\/uploads\/2023\/04\/402.12.21.11.49.-Sarti-Sithonia-300x169.jpg 300w, https:\/\/www.ufftour.de\/wp-content\/uploads\/2023\/04\/402.12.21.11.49.-Sarti-Sithonia-768x432.jpg 768w\" sizes=\"auto, (max-width: 960px) 100vw, 960px\" \/><\/a><figcaption class=\"wp-element-caption\">Sarti auf Sithonia<\/figcaption><\/figure>\n\n\n\n<figure class=\"wp-block-image size-full\"><a href=\"https:\/\/www.ufftour.de\/wp-content\/uploads\/2023\/04\/401.12.2021.15.38.-Europ.-Erdbeerbaum.jpg\"><img loading=\"lazy\" decoding=\"async\" width=\"960\" height=\"432\" src=\"https:\/\/www.ufftour.de\/wp-content\/uploads\/2023\/04\/401.12.2021.15.38.-Europ.-Erdbeerbaum.jpg\" alt=\"\" class=\"wp-image-4750\" srcset=\"https:\/\/www.ufftour.de\/wp-content\/uploads\/2023\/04\/401.12.2021.15.38.-Europ.-Erdbeerbaum.jpg 960w, https:\/\/www.ufftour.de\/wp-content\/uploads\/2023\/04\/401.12.2021.15.38.-Europ.-Erdbeerbaum-300x135.jpg 300w, https:\/\/www.ufftour.de\/wp-content\/uploads\/2023\/04\/401.12.2021.15.38.-Europ.-Erdbeerbaum-768x346.jpg 768w\" sizes=\"auto, (max-width: 960px) 100vw, 960px\" \/><\/a><figcaption class=\"wp-element-caption\">Europ\u00e4ischer Erdbeerbaum<\/figcaption><\/figure>\n\n\n\n<p>Die n\u00e4chste Bucht auf Sithonia, die wir anfuhren, f\u00fchrte \u00fcber eine steile Strecke nach unten, die wir mit 4x4 unter Anstrengung, nahmen. Siehe da, wir waren nicht allein. Ein roter Mercedes Allrad Bus stand schon an diesem sch\u00f6nen Platz. Ein junges, deutsches Paar, mit denen wir einen sehr sch\u00f6nen Lagerfeuerabend verbrachten, hatte die Stelle schon vorher entdeckt.<\/p>\n\n\n\n<figure class=\"wp-block-image size-full\"><a href=\"https:\/\/www.ufftour.de\/wp-content\/uploads\/2023\/04\/403.12.21.07.24.-Bucht-zw.-Sarti-und-Sikia.jpg\"><img loading=\"lazy\" decoding=\"async\" width=\"960\" height=\"540\" src=\"https:\/\/www.ufftour.de\/wp-content\/uploads\/2023\/04\/403.12.21.07.24.-Bucht-zw.-Sarti-und-Sikia.jpg\" alt=\"\" class=\"wp-image-4753\" srcset=\"https:\/\/www.ufftour.de\/wp-content\/uploads\/2023\/04\/403.12.21.07.24.-Bucht-zw.-Sarti-und-Sikia.jpg 960w, https:\/\/www.ufftour.de\/wp-content\/uploads\/2023\/04\/403.12.21.07.24.-Bucht-zw.-Sarti-und-Sikia-300x169.jpg 300w, https:\/\/www.ufftour.de\/wp-content\/uploads\/2023\/04\/403.12.21.07.24.-Bucht-zw.-Sarti-und-Sikia-768x432.jpg 768w\" sizes=\"auto, (max-width: 960px) 100vw, 960px\" \/><\/a><figcaption class=\"wp-element-caption\">Bucht bei Sarti<\/figcaption><\/figure>\n\n\n\n<figure class=\"wp-block-image size-full\"><a href=\"https:\/\/www.ufftour.de\/wp-content\/uploads\/2023\/04\/402.12..2021.14.57.-Aenn-und-Burt.jpg\"><img loading=\"lazy\" decoding=\"async\" width=\"960\" height=\"540\" src=\"https:\/\/www.ufftour.de\/wp-content\/uploads\/2023\/04\/402.12..2021.14.57.-Aenn-und-Burt.jpg\" alt=\"\" class=\"wp-image-4751\" srcset=\"https:\/\/www.ufftour.de\/wp-content\/uploads\/2023\/04\/402.12..2021.14.57.-Aenn-und-Burt.jpg 960w, https:\/\/www.ufftour.de\/wp-content\/uploads\/2023\/04\/402.12..2021.14.57.-Aenn-und-Burt-300x169.jpg 300w, https:\/\/www.ufftour.de\/wp-content\/uploads\/2023\/04\/402.12..2021.14.57.-Aenn-und-Burt-768x432.jpg 768w\" sizes=\"auto, (max-width: 960px) 100vw, 960px\" \/><\/a><figcaption class=\"wp-element-caption\">Lagerfeuerabend mit \u00c4nn und Burt<\/figcaption><\/figure>\n\n\n\n<figure class=\"wp-block-image size-full\"><a href=\"https:\/\/www.ufftour.de\/wp-content\/uploads\/2023\/04\/402.12.2021.-18.16.-Ann-und-Burt-Sithonia.jpg\"><img loading=\"lazy\" decoding=\"async\" width=\"960\" height=\"540\" src=\"https:\/\/www.ufftour.de\/wp-content\/uploads\/2023\/04\/402.12.2021.-18.16.-Ann-und-Burt-Sithonia.jpg\" alt=\"\" class=\"wp-image-4752\" srcset=\"https:\/\/www.ufftour.de\/wp-content\/uploads\/2023\/04\/402.12.2021.-18.16.-Ann-und-Burt-Sithonia.jpg 960w, https:\/\/www.ufftour.de\/wp-content\/uploads\/2023\/04\/402.12.2021.-18.16.-Ann-und-Burt-Sithonia-300x169.jpg 300w, https:\/\/www.ufftour.de\/wp-content\/uploads\/2023\/04\/402.12.2021.-18.16.-Ann-und-Burt-Sithonia-768x432.jpg 768w\" sizes=\"auto, (max-width: 960px) 100vw, 960px\" \/><\/a><figcaption class=\"wp-element-caption\">wundersch\u00f6ne Bucht<\/figcaption><\/figure>\n\n\n\n<p>\u00dcber Porto Koufo, ein kleiner Hafenort, in dem im 2. Weltkrieg die deutschen U-Boote lagen, ging es weiter nach Panthenonas. Ein Geisterdorf hoch oben auf den H\u00fcgeln. Eigentlich sind hier viele Orte, au\u00dferhalb der Saison Geisterd\u00f6rfer. Panthenonas, war fast ausgestorben, als der Gastwirt Paul anfing zu restaurieren. Nach und nach kamen wieder einige Menschen ins Dorf. Es liegt wundersch\u00f6n in den H\u00fcgeln und hat einen tollen Blick aufs Meer.<\/p>\n\n\n\n<figure class=\"wp-block-image size-full\"><a href=\"https:\/\/www.ufftour.de\/wp-content\/uploads\/2023\/04\/403.12.21.12.20.-Weg-nach-Panthenonas.jpg\"><img loading=\"lazy\" decoding=\"async\" width=\"960\" height=\"540\" src=\"https:\/\/www.ufftour.de\/wp-content\/uploads\/2023\/04\/403.12.21.12.20.-Weg-nach-Panthenonas.jpg\" alt=\"\" class=\"wp-image-4754\" srcset=\"https:\/\/www.ufftour.de\/wp-content\/uploads\/2023\/04\/403.12.21.12.20.-Weg-nach-Panthenonas.jpg 960w, https:\/\/www.ufftour.de\/wp-content\/uploads\/2023\/04\/403.12.21.12.20.-Weg-nach-Panthenonas-300x169.jpg 300w, https:\/\/www.ufftour.de\/wp-content\/uploads\/2023\/04\/403.12.21.12.20.-Weg-nach-Panthenonas-768x432.jpg 768w\" sizes=\"auto, (max-width: 960px) 100vw, 960px\" \/><\/a><figcaption class=\"wp-element-caption\">auf dem Weg nach Panthenonas dem Geisterdorf<\/figcaption><\/figure>\n\n\n\n<figure class=\"wp-block-image size-full\"><a href=\"https:\/\/www.ufftour.de\/wp-content\/uploads\/2023\/04\/403.12.21.12.49.-Geisterstadt-Panthenonas.jpg\"><img loading=\"lazy\" decoding=\"async\" width=\"960\" height=\"540\" src=\"https:\/\/www.ufftour.de\/wp-content\/uploads\/2023\/04\/403.12.21.12.49.-Geisterstadt-Panthenonas.jpg\" alt=\"\" class=\"wp-image-4755\" srcset=\"https:\/\/www.ufftour.de\/wp-content\/uploads\/2023\/04\/403.12.21.12.49.-Geisterstadt-Panthenonas.jpg 960w, https:\/\/www.ufftour.de\/wp-content\/uploads\/2023\/04\/403.12.21.12.49.-Geisterstadt-Panthenonas-300x169.jpg 300w, https:\/\/www.ufftour.de\/wp-content\/uploads\/2023\/04\/403.12.21.12.49.-Geisterstadt-Panthenonas-768x432.jpg 768w\" sizes=\"auto, (max-width: 960px) 100vw, 960px\" \/><\/a><figcaption class=\"wp-element-caption\">alte H\u00e4user in Panthenonas mit Geist?<\/figcaption><\/figure>\n\n\n\n<figure class=\"wp-block-image size-full\"><a href=\"https:\/\/www.ufftour.de\/wp-content\/uploads\/2023\/04\/403.12.21.12.52.-Geisterstadt-Panthenonas.jpg\"><img loading=\"lazy\" decoding=\"async\" width=\"960\" height=\"540\" src=\"https:\/\/www.ufftour.de\/wp-content\/uploads\/2023\/04\/403.12.21.12.52.-Geisterstadt-Panthenonas.jpg\" alt=\"\" class=\"wp-image-4756\" srcset=\"https:\/\/www.ufftour.de\/wp-content\/uploads\/2023\/04\/403.12.21.12.52.-Geisterstadt-Panthenonas.jpg 960w, https:\/\/www.ufftour.de\/wp-content\/uploads\/2023\/04\/403.12.21.12.52.-Geisterstadt-Panthenonas-300x169.jpg 300w, https:\/\/www.ufftour.de\/wp-content\/uploads\/2023\/04\/403.12.21.12.52.-Geisterstadt-Panthenonas-768x432.jpg 768w\" sizes=\"auto, (max-width: 960px) 100vw, 960px\" \/><\/a><figcaption class=\"wp-element-caption\">sch\u00f6ner Blick von Panthenonas<\/figcaption><\/figure>\n\n\n\n<p>In der N\u00e4he von \u201eElia\u201c hatten wir morgens Besuch von einem Delfin. Er zog fast eine halbe Stunde seine Bahnen vor unserer Nase. F\u00fcr uns ein tolles Schauspiel, dass ich leider mit meiner kleinen Kamera nicht festhalten konnte. Wir waren ganz aus dem H\u00e4usschen, dieses Spiel mit anschauen zu k\u00f6nnen.<\/p>\n\n\n\n<p><\/p>\n\n\n\n<figure class=\"wp-block-image size-full\"><a href=\"https:\/\/www.ufftour.de\/wp-content\/uploads\/2023\/04\/404.12.21.10.17.-Delphinsichtungsstrand-Aegaeis-1.jpg\"><img loading=\"lazy\" decoding=\"async\" width=\"960\" height=\"540\" src=\"https:\/\/www.ufftour.de\/wp-content\/uploads\/2023\/04\/404.12.21.10.17.-Delphinsichtungsstrand-Aegaeis-1.jpg\" alt=\"\" class=\"wp-image-4758\" srcset=\"https:\/\/www.ufftour.de\/wp-content\/uploads\/2023\/04\/404.12.21.10.17.-Delphinsichtungsstrand-Aegaeis-1.jpg 960w, https:\/\/www.ufftour.de\/wp-content\/uploads\/2023\/04\/404.12.21.10.17.-Delphinsichtungsstrand-Aegaeis-1-300x169.jpg 300w, https:\/\/www.ufftour.de\/wp-content\/uploads\/2023\/04\/404.12.21.10.17.-Delphinsichtungsstrand-Aegaeis-1-768x432.jpg 768w\" sizes=\"auto, (max-width: 960px) 100vw, 960px\" \/><\/a><figcaption class=\"wp-element-caption\">Strand an dem uns Flipper besuchte<\/figcaption><\/figure>\n\n\n\n<p>Die erste gr\u00f6\u00dfere Stadt war Thessaloniki, die wir nun auf demWeg hatten. F\u00fcr Flip gab es f\u00fcr ein paar Tage ein Platz auf dem Hof vom \u201eZampetas Camping Store\u201c. Die Familie l\u00e4sst Reisende kostenlos auf dem abgesperrten Firmengel\u00e4nde stehen. Strom und Toiletten und kalte Duschen, alles kostenlos. Sie hoffen das die Camper etwas im Store kaufen. Wir kauften, die eigentlich f\u00fcrs gesamte Personal und die Kunden gedachten, Weihnachtspl\u00e4tzchen. Kleine Honigkuchen, die auf der Zunge zergehen. Der Chef bot uns welche an und wir waren hin und weg. Eigentlich waren sie nicht zum Verkauf gedacht. Da wir aber ganz lieb fragten, verkauften sie uns ihren gesamten Vorrat. Daf\u00fcr waren wir aber die Lacher im Gesch\u00e4ft. Der Chef meinte das m\u00fcsse er auf seiner Homepage posten, dass die Saarl\u00e4nder den GESAMTEN Weihnachtsvorrat an Pl\u00e4tzchen in seinem Laden gekauft h\u00e4tten.<\/p>\n\n\n\n<figure class=\"wp-block-image size-full\"><a href=\"https:\/\/www.ufftour.de\/wp-content\/uploads\/2023\/04\/406.12.21.17.37.Thessal.CampingZampetas.jpg\"><img loading=\"lazy\" decoding=\"async\" width=\"960\" height=\"540\" src=\"https:\/\/www.ufftour.de\/wp-content\/uploads\/2023\/04\/406.12.21.17.37.Thessal.CampingZampetas.jpg\" alt=\"\" class=\"wp-image-4759\" srcset=\"https:\/\/www.ufftour.de\/wp-content\/uploads\/2023\/04\/406.12.21.17.37.Thessal.CampingZampetas.jpg 960w, https:\/\/www.ufftour.de\/wp-content\/uploads\/2023\/04\/406.12.21.17.37.Thessal.CampingZampetas-300x169.jpg 300w, https:\/\/www.ufftour.de\/wp-content\/uploads\/2023\/04\/406.12.21.17.37.Thessal.CampingZampetas-768x432.jpg 768w\" sizes=\"auto, (max-width: 960px) 100vw, 960px\" \/><\/a><figcaption class=\"wp-element-caption\">Tresendeko im \"Zampetas Camping Store\"<\/figcaption><\/figure>\n\n\n\n<figure class=\"wp-block-image size-full\"><a href=\"https:\/\/www.ufftour.de\/wp-content\/uploads\/2023\/04\/413.12.21.16.17.-ist-schon-Weihnachten.jpg\"><img loading=\"lazy\" decoding=\"async\" width=\"950\" height=\"534\" src=\"https:\/\/www.ufftour.de\/wp-content\/uploads\/2023\/04\/413.12.21.16.17.-ist-schon-Weihnachten.jpg\" alt=\"\" class=\"wp-image-4760\" srcset=\"https:\/\/www.ufftour.de\/wp-content\/uploads\/2023\/04\/413.12.21.16.17.-ist-schon-Weihnachten.jpg 950w, https:\/\/www.ufftour.de\/wp-content\/uploads\/2023\/04\/413.12.21.16.17.-ist-schon-Weihnachten-300x169.jpg 300w, https:\/\/www.ufftour.de\/wp-content\/uploads\/2023\/04\/413.12.21.16.17.-ist-schon-Weihnachten-768x432.jpg 768w\" sizes=\"auto, (max-width: 950px) 100vw, 950px\" \/><\/a><figcaption class=\"wp-element-caption\">griechisches Weihnachstgeb\u00e4ck f\u00fcr uns ganz allein<\/figcaption><\/figure>\n\n\n\n<p>Die Stadt Thessaloniki konnte uns nicht recht \u00fcberzeugen.Trotzdem wollten wir nicht weiterfahren, ohne in der Stadt gewesen zu sein. Durch die Stadt fahren Linienbusse, die sich Kulturlinienbus nennen. Unser Fahrer raste in einer Affengeschwindigkeit durch die teilweise doch engen Gassen. Schnappsch\u00fcsse machen war unm\u00f6glich. Thessaloniki ist die Hauptstadt Zentralmakedoniens und ist wirtschaftlich und kulturelles Zentrum in diesem Teil des Landes. Unser Fazit: Gro\u00dfstadt mit vollbesetzten Caf\u00e9s und hohem Polizeiaufgebot. Vielleicht aber auch weil Saarl\u00e4nder in der Stadt waren. Das Nachtleben soll auch sehr toll sein, aber nix f\u00fcr uns.<\/p>\n\n\n\n<figure class=\"wp-block-image size-full\"><a href=\"https:\/\/www.ufftour.de\/wp-content\/uploads\/2023\/04\/406.12.21.14.08.-Thessaloniki-nahe-weisser-Turm.jpg\"><img loading=\"lazy\" decoding=\"async\" width=\"960\" height=\"540\" src=\"https:\/\/www.ufftour.de\/wp-content\/uploads\/2023\/04\/406.12.21.14.08.-Thessaloniki-nahe-weisser-Turm.jpg\" alt=\"\" class=\"wp-image-4761\" srcset=\"https:\/\/www.ufftour.de\/wp-content\/uploads\/2023\/04\/406.12.21.14.08.-Thessaloniki-nahe-weisser-Turm.jpg 960w, https:\/\/www.ufftour.de\/wp-content\/uploads\/2023\/04\/406.12.21.14.08.-Thessaloniki-nahe-weisser-Turm-300x169.jpg 300w, https:\/\/www.ufftour.de\/wp-content\/uploads\/2023\/04\/406.12.21.14.08.-Thessaloniki-nahe-weisser-Turm-768x432.jpg 768w\" sizes=\"auto, (max-width: 960px) 100vw, 960px\" \/><\/a><figcaption class=\"wp-element-caption\">Stadtmitte Thessaloniki<\/figcaption><\/figure>\n\n\n\n<figure class=\"wp-block-image size-full\"><a href=\"https:\/\/www.ufftour.de\/wp-content\/uploads\/2023\/04\/406.12.21.14.161.-Thessaloniki.jpg\"><img loading=\"lazy\" decoding=\"async\" width=\"950\" height=\"540\" src=\"https:\/\/www.ufftour.de\/wp-content\/uploads\/2023\/04\/406.12.21.14.161.-Thessaloniki.jpg\" alt=\"\" class=\"wp-image-4762\" srcset=\"https:\/\/www.ufftour.de\/wp-content\/uploads\/2023\/04\/406.12.21.14.161.-Thessaloniki.jpg 950w, https:\/\/www.ufftour.de\/wp-content\/uploads\/2023\/04\/406.12.21.14.161.-Thessaloniki-300x171.jpg 300w, https:\/\/www.ufftour.de\/wp-content\/uploads\/2023\/04\/406.12.21.14.161.-Thessaloniki-768x437.jpg 768w\" sizes=\"auto, (max-width: 950px) 100vw, 950px\" \/><\/a><figcaption class=\"wp-element-caption\">Name vergessen in Thessaloniki<\/figcaption><\/figure>\n\n\n\n<figure class=\"wp-block-image size-full\"><a href=\"https:\/\/www.ufftour.de\/wp-content\/uploads\/2023\/04\/406.12.21.16.11.Thessaloniki.jpg\"><img loading=\"lazy\" decoding=\"async\" width=\"960\" height=\"540\" src=\"https:\/\/www.ufftour.de\/wp-content\/uploads\/2023\/04\/406.12.21.16.11.Thessaloniki.jpg\" alt=\"\" class=\"wp-image-4763\" srcset=\"https:\/\/www.ufftour.de\/wp-content\/uploads\/2023\/04\/406.12.21.16.11.Thessaloniki.jpg 960w, https:\/\/www.ufftour.de\/wp-content\/uploads\/2023\/04\/406.12.21.16.11.Thessaloniki-300x169.jpg 300w, https:\/\/www.ufftour.de\/wp-content\/uploads\/2023\/04\/406.12.21.16.11.Thessaloniki-768x432.jpg 768w\" sizes=\"auto, (max-width: 960px) 100vw, 960px\" \/><\/a><figcaption class=\"wp-element-caption\">in Thessaloniki<\/figcaption><\/figure>\n\n\n\n<p>\u201eKaterini\u201c eine Kleinstadt. Auf der Suche nach einem Schuster stehen wir ratlos an einer Stra\u00dfe. Google Maps hat nur eine alte Adresse angezeigt, die nicht mehr aktuell ist. Anscheinend sehen wir wirklich verloren aus, den wir werden sofort auf englisch angesprochen, welche Sprache wir sprechen. Der Mann pfeift kurz \u00fcber die Stra\u00dfe nach einem Mann auf einem Roller, der gerade vorbeif\u00e4hrt. Dieser h\u00e4lt und fragt uns in akzentfreiem Deutsch, was wir suchen. Er f\u00e4hrt vor uns her und bringt uns zum Schuster. Dieser hat im Moment keine Zeit. So f\u00e4hrt er, mit uns im Schlepptau, weiter zum n\u00e4chsten. Innerhalb ein paar Minuten reparierte der Schuster f\u00fcr 2 Euro den Schaden an unserer Tasche fachm\u00e4nnisch. Der Rollerfahrer erz\u00e4hlt uns das er 40 Jahre in Flensburg gewohnt und gearbeitet hat. Seiner Meinung nach die sch\u00f6nste Stadt Deutschlands.Wir fanden \u201eKaterini\u201c sch\u00f6n und sauber. Vor allem gefiel uns die Freundlichkeit der Menschen, die hier wohnen.<\/p>\n\n\n\n<figure class=\"wp-block-image size-full\"><a href=\"https:\/\/www.ufftour.de\/wp-content\/uploads\/2023\/04\/408.12.2021.18.01.jpg\"><img loading=\"lazy\" decoding=\"async\" width=\"960\" height=\"432\" src=\"https:\/\/www.ufftour.de\/wp-content\/uploads\/2023\/04\/408.12.2021.18.01.jpg\" alt=\"\" class=\"wp-image-4764\" srcset=\"https:\/\/www.ufftour.de\/wp-content\/uploads\/2023\/04\/408.12.2021.18.01.jpg 960w, https:\/\/www.ufftour.de\/wp-content\/uploads\/2023\/04\/408.12.2021.18.01-300x135.jpg 300w, https:\/\/www.ufftour.de\/wp-content\/uploads\/2023\/04\/408.12.2021.18.01-768x346.jpg 768w\" sizes=\"auto, (max-width: 960px) 100vw, 960px\" \/><\/a><figcaption class=\"wp-element-caption\">weihnachtliches Katerini mit freundlichen Menschen<\/figcaption><\/figure>\n\n\n\n<p>Der Weg in die Mitte des Landes f\u00fchrte uns auch am \u201eOlymp\u201c vorbei. Viele bleiben dort und besteigen ihn. Griechenlands h\u00f6chstes Gebirge ist immerhin 2917 m hoch, das liegt nicht in unserer Bewegungs- und Bet\u00e4tigungsh\u00f6he, da machen wir lieber Strandspazierg\u00e4nge. Wobei der Anblick mit dem Schnee auf dem Gipfel schon toll und imposant war.<\/p>\n\n\n\n<figure class=\"wp-block-image size-full\"><a href=\"https:\/\/www.ufftour.de\/wp-content\/uploads\/2023\/04\/410.12.21.10.19.-Schnee-auf-dem-Olymp.jpg\"><img loading=\"lazy\" decoding=\"async\" width=\"960\" height=\"540\" src=\"https:\/\/www.ufftour.de\/wp-content\/uploads\/2023\/04\/410.12.21.10.19.-Schnee-auf-dem-Olymp.jpg\" alt=\"\" class=\"wp-image-4765\" srcset=\"https:\/\/www.ufftour.de\/wp-content\/uploads\/2023\/04\/410.12.21.10.19.-Schnee-auf-dem-Olymp.jpg 960w, https:\/\/www.ufftour.de\/wp-content\/uploads\/2023\/04\/410.12.21.10.19.-Schnee-auf-dem-Olymp-300x169.jpg 300w, https:\/\/www.ufftour.de\/wp-content\/uploads\/2023\/04\/410.12.21.10.19.-Schnee-auf-dem-Olymp-768x432.jpg 768w\" sizes=\"auto, (max-width: 960px) 100vw, 960px\" \/><\/a><figcaption class=\"wp-element-caption\">Schnee auf dem Gipfel des Olymps<\/figcaption><\/figure>\n\n\n\n<p>Uns kam an dem Tag am Strand von Neoi Poroi eine Schildkr\u00f6te besuchen, die uns wieder best\u00e4tigte: sch\u00f6n langsam und gem\u00e4chlich geht auch gut.<\/p>\n\n\n\n<figure class=\"wp-block-image size-full\"><a href=\"https:\/\/www.ufftour.de\/wp-content\/uploads\/2023\/04\/410.12.21.11.25.-Besuch-am-Platz.jpg\"><img loading=\"lazy\" decoding=\"async\" width=\"960\" height=\"540\" src=\"https:\/\/www.ufftour.de\/wp-content\/uploads\/2023\/04\/410.12.21.11.25.-Besuch-am-Platz.jpg\" alt=\"\" class=\"wp-image-4766\" srcset=\"https:\/\/www.ufftour.de\/wp-content\/uploads\/2023\/04\/410.12.21.11.25.-Besuch-am-Platz.jpg 960w, https:\/\/www.ufftour.de\/wp-content\/uploads\/2023\/04\/410.12.21.11.25.-Besuch-am-Platz-300x169.jpg 300w, https:\/\/www.ufftour.de\/wp-content\/uploads\/2023\/04\/410.12.21.11.25.-Besuch-am-Platz-768x432.jpg 768w\" sizes=\"auto, (max-width: 960px) 100vw, 960px\" \/><\/a><figcaption class=\"wp-element-caption\">Besuch am Platz am Strand<\/figcaption><\/figure>\n\n\n\n<figure class=\"wp-block-image size-full\"><a href=\"https:\/\/www.ufftour.de\/wp-content\/uploads\/2023\/04\/410.12.2021.15.37.-einsamer-Strand.jpg\"><img loading=\"lazy\" decoding=\"async\" width=\"960\" height=\"432\" src=\"https:\/\/www.ufftour.de\/wp-content\/uploads\/2023\/04\/410.12.2021.15.37.-einsamer-Strand.jpg\" alt=\"\" class=\"wp-image-4767\" srcset=\"https:\/\/www.ufftour.de\/wp-content\/uploads\/2023\/04\/410.12.2021.15.37.-einsamer-Strand.jpg 960w, https:\/\/www.ufftour.de\/wp-content\/uploads\/2023\/04\/410.12.2021.15.37.-einsamer-Strand-300x135.jpg 300w, https:\/\/www.ufftour.de\/wp-content\/uploads\/2023\/04\/410.12.2021.15.37.-einsamer-Strand-768x346.jpg 768w\" sizes=\"auto, (max-width: 960px) 100vw, 960px\" \/><\/a><figcaption class=\"wp-element-caption\">Strand in Neoi Poroi<\/figcaption><\/figure>\n\n\n\n<p>Auf kleinen Stra\u00dfen ging es weiter und dort findet man immer wieder tolle Orte. An einer Landstra\u00dfe f\u00fchrte eine Br\u00fccke \u00fcber einen kleinen Fluss an eine Felsenkirche. Die Fu\u00dfg\u00e4ngerbr\u00fccke f\u00fchrte an eine in den Berg gebaute orthodoxe Kirche. Huch, bis auf das ortodoxe kennen wir sowas von Idar Oberstein. Wir fanden die Kirche, sowie der unter der Kirche liegende Brunnen sehr interessant. Sowie auch das Fest das an diesem Morgen dort abgehalten wurde, es gab Kekse und Getr\u00e4nke.<\/p>\n\n\n\n<figure class=\"wp-block-image size-full\"><a href=\"https:\/\/www.ufftour.de\/wp-content\/uploads\/2023\/04\/411.12.21.10.12.-Bruecke-zur-Felsenkirche.jpg\"><img loading=\"lazy\" decoding=\"async\" width=\"540\" height=\"960\" src=\"https:\/\/www.ufftour.de\/wp-content\/uploads\/2023\/04\/411.12.21.10.12.-Bruecke-zur-Felsenkirche.jpg\" alt=\"\" class=\"wp-image-4768\" srcset=\"https:\/\/www.ufftour.de\/wp-content\/uploads\/2023\/04\/411.12.21.10.12.-Bruecke-zur-Felsenkirche.jpg 540w, https:\/\/www.ufftour.de\/wp-content\/uploads\/2023\/04\/411.12.21.10.12.-Bruecke-zur-Felsenkirche-169x300.jpg 169w\" sizes=\"auto, (max-width: 540px) 100vw, 540px\" \/><\/a><figcaption class=\"wp-element-caption\">Br\u00fccke zur orthodoxen Felsenkirche<\/figcaption><\/figure>\n\n\n\n<figure class=\"wp-block-image size-full\"><a href=\"https:\/\/www.ufftour.de\/wp-content\/uploads\/2023\/04\/411.12.21.10.25.-Saint-Paraskevi-Kato-Olympos-Felsenkirche.jpg\"><img loading=\"lazy\" decoding=\"async\" width=\"540\" height=\"960\" src=\"https:\/\/www.ufftour.de\/wp-content\/uploads\/2023\/04\/411.12.21.10.25.-Saint-Paraskevi-Kato-Olympos-Felsenkirche.jpg\" alt=\"\" class=\"wp-image-4769\" srcset=\"https:\/\/www.ufftour.de\/wp-content\/uploads\/2023\/04\/411.12.21.10.25.-Saint-Paraskevi-Kato-Olympos-Felsenkirche.jpg 540w, https:\/\/www.ufftour.de\/wp-content\/uploads\/2023\/04\/411.12.21.10.25.-Saint-Paraskevi-Kato-Olympos-Felsenkirche-169x300.jpg 169w\" sizes=\"auto, (max-width: 540px) 100vw, 540px\" \/><\/a><figcaption class=\"wp-element-caption\">Saint Paraskevi<\/figcaption><\/figure>\n\n\n\n<p>Unser Navi f\u00fchrte uns aber auch manchmal \u00fcber Strecken, die sicher nicht f\u00fcr unser Fahrzeug gedacht waren, obwohl wir ein LKW-, mit den richtigen nicht besch\u00f6nigten Angaben, benutzen. Br\u00fccken die ins Schwanken kamen, wenn wir dar\u00fcber fuhren. Oder aber auch knapp mit der Breite waren.<\/p>\n\n\n\n<figure class=\"wp-block-image size-full\"><a href=\"https:\/\/www.ufftour.de\/wp-content\/uploads\/2023\/04\/411.12.21.13.06.-Navi-fuehrt-uns-komische-Wege.jpg\"><img loading=\"lazy\" decoding=\"async\" width=\"960\" height=\"540\" src=\"https:\/\/www.ufftour.de\/wp-content\/uploads\/2023\/04\/411.12.21.13.06.-Navi-fuehrt-uns-komische-Wege.jpg\" alt=\"\" class=\"wp-image-4770\" srcset=\"https:\/\/www.ufftour.de\/wp-content\/uploads\/2023\/04\/411.12.21.13.06.-Navi-fuehrt-uns-komische-Wege.jpg 960w, https:\/\/www.ufftour.de\/wp-content\/uploads\/2023\/04\/411.12.21.13.06.-Navi-fuehrt-uns-komische-Wege-300x169.jpg 300w, https:\/\/www.ufftour.de\/wp-content\/uploads\/2023\/04\/411.12.21.13.06.-Navi-fuehrt-uns-komische-Wege-768x432.jpg 768w\" sizes=\"auto, (max-width: 960px) 100vw, 960px\" \/><\/a><figcaption class=\"wp-element-caption\">Br\u00fccke nach Trikala, mehr Wasser auf der Br\u00fccke als darunter<\/figcaption><\/figure>\n\n\n\n<p>Jeder der in Griechenland das Festland besucht, f\u00e4hrt sicher zu den \u201eMeteora Kl\u00f6stern\u201c. Wer es nicht macht ist selbst schuld. G\u00e4nsehaut pur, diesen Teil der Welt anzuschauen. Beeindruckend ist kein Ausdruck f\u00fcr diesen Anblick. Hoch oben, im 13. Jahrhundert, auf die Sandsteinfelsen gebaut stehen die 6 verbliebenen Kl\u00f6ster. 24 Kl\u00f6ster wurden einst in der N\u00e4he der Stadt \u201eKalambaka\u201c \u00f6stlich des \u201ePindos Gebirge\u201c gebaut. Die \u201eMeteora Kl\u00f6ster\u201c, das soviel wie hoch schwebend bedeutet, sind auch heute noch teilweise von M\u00f6nchen bewohnt. Diese wollten wohl mit der bauweise Gott auch physisch n\u00e4her sein. Man fragt sich bei jedem Schritt, wie das in dieser Zeit mit wenigen technischen Hilfsmittel geschafft wurde. Auch heute funktioniert dort noch ein Aufzugskorb mit Seilen, um Sachen nach oben zu schaffen.<\/p>\n\n\n\n<figure class=\"wp-block-image size-full\"><a href=\"https:\/\/www.ufftour.de\/wp-content\/uploads\/2023\/04\/412.12.21.11.32.-Kloster-der-Dreifaltigkeit.jpg\"><img loading=\"lazy\" decoding=\"async\" width=\"960\" height=\"540\" src=\"https:\/\/www.ufftour.de\/wp-content\/uploads\/2023\/04\/412.12.21.11.32.-Kloster-der-Dreifaltigkeit.jpg\" alt=\"\" class=\"wp-image-4771\" srcset=\"https:\/\/www.ufftour.de\/wp-content\/uploads\/2023\/04\/412.12.21.11.32.-Kloster-der-Dreifaltigkeit.jpg 960w, https:\/\/www.ufftour.de\/wp-content\/uploads\/2023\/04\/412.12.21.11.32.-Kloster-der-Dreifaltigkeit-300x169.jpg 300w, https:\/\/www.ufftour.de\/wp-content\/uploads\/2023\/04\/412.12.21.11.32.-Kloster-der-Dreifaltigkeit-768x432.jpg 768w\" sizes=\"auto, (max-width: 960px) 100vw, 960px\" \/><\/a><figcaption class=\"wp-element-caption\">Dreifaltigkeitskloster<\/figcaption><\/figure>\n\n\n\n<p><\/p>\n\n\n\n<figure class=\"wp-block-image size-full\"><a href=\"https:\/\/www.ufftour.de\/wp-content\/uploads\/2023\/04\/412.12.21.12.03.-Dreifaltigkeit-.jpg\"><img loading=\"lazy\" decoding=\"async\" width=\"960\" height=\"540\" src=\"https:\/\/www.ufftour.de\/wp-content\/uploads\/2023\/04\/412.12.21.12.03.-Dreifaltigkeit-.jpg\" alt=\"\" class=\"wp-image-4773\" srcset=\"https:\/\/www.ufftour.de\/wp-content\/uploads\/2023\/04\/412.12.21.12.03.-Dreifaltigkeit-.jpg 960w, https:\/\/www.ufftour.de\/wp-content\/uploads\/2023\/04\/412.12.21.12.03.-Dreifaltigkeit--300x169.jpg 300w, https:\/\/www.ufftour.de\/wp-content\/uploads\/2023\/04\/412.12.21.12.03.-Dreifaltigkeit--768x432.jpg 768w\" sizes=\"auto, (max-width: 960px) 100vw, 960px\" \/><\/a><figcaption class=\"wp-element-caption\">hoch oben<\/figcaption><\/figure>\n\n\n\n<figure class=\"wp-block-image size-full\"><a href=\"https:\/\/www.ufftour.de\/wp-content\/uploads\/2023\/04\/412.12.21.12.13.-kleine-Bruecke-zur-Aussenwelt.jpg\"><img loading=\"lazy\" decoding=\"async\" width=\"960\" height=\"540\" src=\"https:\/\/www.ufftour.de\/wp-content\/uploads\/2023\/04\/412.12.21.12.13.-kleine-Bruecke-zur-Aussenwelt.jpg\" alt=\"\" class=\"wp-image-4774\" srcset=\"https:\/\/www.ufftour.de\/wp-content\/uploads\/2023\/04\/412.12.21.12.13.-kleine-Bruecke-zur-Aussenwelt.jpg 960w, https:\/\/www.ufftour.de\/wp-content\/uploads\/2023\/04\/412.12.21.12.13.-kleine-Bruecke-zur-Aussenwelt-300x169.jpg 300w, https:\/\/www.ufftour.de\/wp-content\/uploads\/2023\/04\/412.12.21.12.13.-kleine-Bruecke-zur-Aussenwelt-768x432.jpg 768w\" sizes=\"auto, (max-width: 960px) 100vw, 960px\" \/><\/a><figcaption class=\"wp-element-caption\">nur G\u00e4nsehaut<\/figcaption><\/figure>\n\n\n\n<figure class=\"wp-block-image size-full\"><a href=\"https:\/\/www.ufftour.de\/wp-content\/uploads\/2023\/04\/412.12.21.12.33.-Weinfass-natuerlich-leer-Sparkasse.jpg\"><img loading=\"lazy\" decoding=\"async\" width=\"960\" height=\"540\" src=\"https:\/\/www.ufftour.de\/wp-content\/uploads\/2023\/04\/412.12.21.12.33.-Weinfass-natuerlich-leer-Sparkasse.jpg\" alt=\"\" class=\"wp-image-4775\" srcset=\"https:\/\/www.ufftour.de\/wp-content\/uploads\/2023\/04\/412.12.21.12.33.-Weinfass-natuerlich-leer-Sparkasse.jpg 960w, https:\/\/www.ufftour.de\/wp-content\/uploads\/2023\/04\/412.12.21.12.33.-Weinfass-natuerlich-leer-Sparkasse-300x169.jpg 300w, https:\/\/www.ufftour.de\/wp-content\/uploads\/2023\/04\/412.12.21.12.33.-Weinfass-natuerlich-leer-Sparkasse-768x432.jpg 768w\" sizes=\"auto, (max-width: 960px) 100vw, 960px\" \/><\/a><figcaption class=\"wp-element-caption\">jahrhundertaltes Weinfass nat\u00fcrlich leer<\/figcaption><\/figure>\n\n\n\n<figure class=\"wp-block-image size-full\"><a href=\"https:\/\/www.ufftour.de\/wp-content\/uploads\/2023\/04\/412.12.21.12.34.-Lastenaufzug.jpg\"><img loading=\"lazy\" decoding=\"async\" width=\"960\" height=\"540\" src=\"https:\/\/www.ufftour.de\/wp-content\/uploads\/2023\/04\/412.12.21.12.34.-Lastenaufzug.jpg\" alt=\"\" class=\"wp-image-4776\" srcset=\"https:\/\/www.ufftour.de\/wp-content\/uploads\/2023\/04\/412.12.21.12.34.-Lastenaufzug.jpg 960w, https:\/\/www.ufftour.de\/wp-content\/uploads\/2023\/04\/412.12.21.12.34.-Lastenaufzug-300x169.jpg 300w, https:\/\/www.ufftour.de\/wp-content\/uploads\/2023\/04\/412.12.21.12.34.-Lastenaufzug-768x432.jpg 768w\" sizes=\"auto, (max-width: 960px) 100vw, 960px\" \/><\/a><figcaption class=\"wp-element-caption\">Lastenaufzug<\/figcaption><\/figure>\n\n\n\n<figure class=\"wp-block-image size-full\"><a href=\"https:\/\/www.ufftour.de\/wp-content\/uploads\/2023\/04\/412.12.21.12.41.-Dreifaltigkeit-.jpg\"><img loading=\"lazy\" decoding=\"async\" width=\"950\" height=\"534\" src=\"https:\/\/www.ufftour.de\/wp-content\/uploads\/2023\/04\/412.12.21.12.41.-Dreifaltigkeit-.jpg\" alt=\"\" class=\"wp-image-4777\" srcset=\"https:\/\/www.ufftour.de\/wp-content\/uploads\/2023\/04\/412.12.21.12.41.-Dreifaltigkeit-.jpg 950w, https:\/\/www.ufftour.de\/wp-content\/uploads\/2023\/04\/412.12.21.12.41.-Dreifaltigkeit--300x169.jpg 300w, https:\/\/www.ufftour.de\/wp-content\/uploads\/2023\/04\/412.12.21.12.41.-Dreifaltigkeit--768x432.jpg 768w\" sizes=\"auto, (max-width: 950px) 100vw, 950px\" \/><\/a><figcaption class=\"wp-element-caption\">Dreifaltigkeitsturm<\/figcaption><\/figure>\n\n\n\n<figure class=\"wp-block-image size-full\"><a href=\"https:\/\/www.ufftour.de\/wp-content\/uploads\/2023\/04\/412.12.21.13.29.-Blick-von-fast-oben.jpg\"><img loading=\"lazy\" decoding=\"async\" width=\"950\" height=\"534\" src=\"https:\/\/www.ufftour.de\/wp-content\/uploads\/2023\/04\/412.12.21.13.29.-Blick-von-fast-oben.jpg\" alt=\"\" class=\"wp-image-4778\" srcset=\"https:\/\/www.ufftour.de\/wp-content\/uploads\/2023\/04\/412.12.21.13.29.-Blick-von-fast-oben.jpg 950w, https:\/\/www.ufftour.de\/wp-content\/uploads\/2023\/04\/412.12.21.13.29.-Blick-von-fast-oben-300x169.jpg 300w, https:\/\/www.ufftour.de\/wp-content\/uploads\/2023\/04\/412.12.21.13.29.-Blick-von-fast-oben-768x432.jpg 768w\" sizes=\"auto, (max-width: 950px) 100vw, 950px\" \/><\/a><figcaption class=\"wp-element-caption\">es leben noch M\u00f6nche in dem ein oder anderen Kloster<\/figcaption><\/figure>\n\n\n\n<figure class=\"wp-block-image size-full\"><a href=\"https:\/\/www.ufftour.de\/wp-content\/uploads\/2023\/04\/412.12.21.15.27.-ueberall-markante-Felsen-bei-Meteora.jpg\"><img loading=\"lazy\" decoding=\"async\" width=\"720\" height=\"720\" src=\"https:\/\/www.ufftour.de\/wp-content\/uploads\/2023\/04\/412.12.21.15.27.-ueberall-markante-Felsen-bei-Meteora.jpg\" alt=\"\" class=\"wp-image-4779\" srcset=\"https:\/\/www.ufftour.de\/wp-content\/uploads\/2023\/04\/412.12.21.15.27.-ueberall-markante-Felsen-bei-Meteora.jpg 720w, https:\/\/www.ufftour.de\/wp-content\/uploads\/2023\/04\/412.12.21.15.27.-ueberall-markante-Felsen-bei-Meteora-300x300.jpg 300w, https:\/\/www.ufftour.de\/wp-content\/uploads\/2023\/04\/412.12.21.15.27.-ueberall-markante-Felsen-bei-Meteora-150x150.jpg 150w\" sizes=\"auto, (max-width: 720px) 100vw, 720px\" \/><\/a><figcaption class=\"wp-element-caption\">witzige Felsformationen<\/figcaption><\/figure>\n\n\n\n<figure class=\"wp-block-image size-full\"><a href=\"https:\/\/www.ufftour.de\/wp-content\/uploads\/2023\/04\/412.12.2021.12.48.-Meteora-Kloester.jpg\"><img loading=\"lazy\" decoding=\"async\" width=\"960\" height=\"432\" src=\"https:\/\/www.ufftour.de\/wp-content\/uploads\/2023\/04\/412.12.2021.12.48.-Meteora-Kloester.jpg\" alt=\"\" class=\"wp-image-4780\" srcset=\"https:\/\/www.ufftour.de\/wp-content\/uploads\/2023\/04\/412.12.2021.12.48.-Meteora-Kloester.jpg 960w, https:\/\/www.ufftour.de\/wp-content\/uploads\/2023\/04\/412.12.2021.12.48.-Meteora-Kloester-300x135.jpg 300w, https:\/\/www.ufftour.de\/wp-content\/uploads\/2023\/04\/412.12.2021.12.48.-Meteora-Kloester-768x346.jpg 768w\" sizes=\"auto, (max-width: 960px) 100vw, 960px\" \/><\/a><figcaption class=\"wp-element-caption\">imposante Felsen<\/figcaption><\/figure>\n\n\n\n<figure class=\"wp-block-image size-full\"><a href=\"https:\/\/www.ufftour.de\/wp-content\/uploads\/2023\/04\/412.12.2021.14.15.-Meteora-Kloester.jpg\"><img loading=\"lazy\" decoding=\"async\" width=\"960\" height=\"432\" src=\"https:\/\/www.ufftour.de\/wp-content\/uploads\/2023\/04\/412.12.2021.14.15.-Meteora-Kloester.jpg\" alt=\"\" class=\"wp-image-4781\" srcset=\"https:\/\/www.ufftour.de\/wp-content\/uploads\/2023\/04\/412.12.2021.14.15.-Meteora-Kloester.jpg 960w, https:\/\/www.ufftour.de\/wp-content\/uploads\/2023\/04\/412.12.2021.14.15.-Meteora-Kloester-300x135.jpg 300w, https:\/\/www.ufftour.de\/wp-content\/uploads\/2023\/04\/412.12.2021.14.15.-Meteora-Kloester-768x346.jpg 768w\" sizes=\"auto, (max-width: 960px) 100vw, 960px\" \/><\/a><figcaption class=\"wp-element-caption\">muss man in Natura ansehen<\/figcaption><\/figure>\n\n\n\n<figure class=\"wp-block-image size-full\"><a href=\"https:\/\/www.ufftour.de\/wp-content\/uploads\/2023\/04\/413.12.21.10.06.-Meteora-Felsen-von-hinten.jpg\"><img loading=\"lazy\" decoding=\"async\" width=\"720\" height=\"720\" src=\"https:\/\/www.ufftour.de\/wp-content\/uploads\/2023\/04\/413.12.21.10.06.-Meteora-Felsen-von-hinten.jpg\" alt=\"\" class=\"wp-image-4782\" srcset=\"https:\/\/www.ufftour.de\/wp-content\/uploads\/2023\/04\/413.12.21.10.06.-Meteora-Felsen-von-hinten.jpg 720w, https:\/\/www.ufftour.de\/wp-content\/uploads\/2023\/04\/413.12.21.10.06.-Meteora-Felsen-von-hinten-300x300.jpg 300w, https:\/\/www.ufftour.de\/wp-content\/uploads\/2023\/04\/413.12.21.10.06.-Meteora-Felsen-von-hinten-150x150.jpg 150w\" sizes=\"auto, (max-width: 720px) 100vw, 720px\" \/><\/a><figcaption class=\"wp-element-caption\"> Meteora Felsen<\/figcaption><\/figure>\n\n\n\n<figure class=\"wp-block-image size-full\"><a href=\"https:\/\/www.ufftour.de\/wp-content\/uploads\/2023\/04\/413.12.21.10.54.-Felsen-von-Kalabaka-aus.jpg\"><img loading=\"lazy\" decoding=\"async\" width=\"720\" height=\"720\" src=\"https:\/\/www.ufftour.de\/wp-content\/uploads\/2023\/04\/413.12.21.10.54.-Felsen-von-Kalabaka-aus.jpg\" alt=\"\" class=\"wp-image-4783\" srcset=\"https:\/\/www.ufftour.de\/wp-content\/uploads\/2023\/04\/413.12.21.10.54.-Felsen-von-Kalabaka-aus.jpg 720w, https:\/\/www.ufftour.de\/wp-content\/uploads\/2023\/04\/413.12.21.10.54.-Felsen-von-Kalabaka-aus-300x300.jpg 300w, https:\/\/www.ufftour.de\/wp-content\/uploads\/2023\/04\/413.12.21.10.54.-Felsen-von-Kalabaka-aus-150x150.jpg 150w\" sizes=\"auto, (max-width: 720px) 100vw, 720px\" \/><\/a><figcaption class=\"wp-element-caption\">interessanteFelsen<\/figcaption><\/figure>\n\n\n\n<p>Das Land hat uns schon einige Zeit um den Finger gewickelt. Die Landschaft im Osten, die Buchten am Meer, vor allem die Menschen. Nicht nur touristische Ziele, nein sehr oft die Zuf\u00e4lle, f\u00fchren uns an tolle Ecken. Auf der Suche nach einem Platz f\u00fcr die Nacht kommen wir kurz vor Einbruch der Dunkelheit an einem Steinbruch vorbei, der uns total fesselt. Zwischen \u201eKalabaka\u201c und \u201eLamia\u201c machen wir mit Flip ein Fotoshooting in dem Steinbruch.<\/p>\n\n\n\n<figure class=\"wp-block-image size-full\"><a href=\"https:\/\/www.ufftour.de\/wp-content\/uploads\/2023\/04\/413.12.21.16.28.-Steinbruch.jpg\"><img loading=\"lazy\" decoding=\"async\" width=\"960\" height=\"432\" src=\"https:\/\/www.ufftour.de\/wp-content\/uploads\/2023\/04\/413.12.21.16.28.-Steinbruch.jpg\" alt=\"\" class=\"wp-image-4785\" srcset=\"https:\/\/www.ufftour.de\/wp-content\/uploads\/2023\/04\/413.12.21.16.28.-Steinbruch.jpg 960w, https:\/\/www.ufftour.de\/wp-content\/uploads\/2023\/04\/413.12.21.16.28.-Steinbruch-300x135.jpg 300w, https:\/\/www.ufftour.de\/wp-content\/uploads\/2023\/04\/413.12.21.16.28.-Steinbruch-768x346.jpg 768w\" sizes=\"auto, (max-width: 960px) 100vw, 960px\" \/><\/a><figcaption class=\"wp-element-caption\">Fotoshooting die erste<\/figcaption><\/figure>\n\n\n\n<figure class=\"wp-block-image size-full\"><a href=\"https:\/\/www.ufftour.de\/wp-content\/uploads\/2023\/04\/414.12.21.09.40.-qualmt-ein-wenig.jpg\"><img loading=\"lazy\" decoding=\"async\" width=\"960\" height=\"540\" src=\"https:\/\/www.ufftour.de\/wp-content\/uploads\/2023\/04\/414.12.21.09.40.-qualmt-ein-wenig.jpg\" alt=\"\" class=\"wp-image-4786\" srcset=\"https:\/\/www.ufftour.de\/wp-content\/uploads\/2023\/04\/414.12.21.09.40.-qualmt-ein-wenig.jpg 960w, https:\/\/www.ufftour.de\/wp-content\/uploads\/2023\/04\/414.12.21.09.40.-qualmt-ein-wenig-300x169.jpg 300w, https:\/\/www.ufftour.de\/wp-content\/uploads\/2023\/04\/414.12.21.09.40.-qualmt-ein-wenig-768x432.jpg 768w\" sizes=\"auto, (max-width: 960px) 100vw, 960px\" \/><\/a><figcaption class=\"wp-element-caption\">Flip wie er leibt und lebt<\/figcaption><\/figure>\n\n\n\n<figure class=\"wp-block-image size-full\"><a href=\"https:\/\/www.ufftour.de\/wp-content\/uploads\/2023\/04\/414.12.21.09.41.-Shooting-die-erste.jpg\"><img loading=\"lazy\" decoding=\"async\" width=\"540\" height=\"540\" src=\"https:\/\/www.ufftour.de\/wp-content\/uploads\/2023\/04\/414.12.21.09.41.-Shooting-die-erste.jpg\" alt=\"\" class=\"wp-image-4788\" srcset=\"https:\/\/www.ufftour.de\/wp-content\/uploads\/2023\/04\/414.12.21.09.41.-Shooting-die-erste.jpg 540w, https:\/\/www.ufftour.de\/wp-content\/uploads\/2023\/04\/414.12.21.09.41.-Shooting-die-erste-300x300.jpg 300w, https:\/\/www.ufftour.de\/wp-content\/uploads\/2023\/04\/414.12.21.09.41.-Shooting-die-erste-150x150.jpg 150w\" sizes=\"auto, (max-width: 540px) 100vw, 540px\" \/><\/a><figcaption class=\"wp-element-caption\">Flip ganz klein<\/figcaption><\/figure>\n\n\n\n<p>\u00dcber ein kleines Dorf \u201eAhilio\u201c, das unser Leben ver\u00e4nderte, fuhren wir nach Glyfa um auf Griechenlands zweitgr\u00f6\u00dfte Insel \u201eEvia\u201c, mit der F\u00e4hre \u00fcberzusetzen. Die lebensver\u00e4nderten Dinge folgen nach der Erkundung von \u201eEvia\u201c. Die Inselbewohner hatten im letzten August mit verheerenden Waldbr\u00e4nden zu k\u00e4mpfen. Das Ausma\u00df war jetzt im Dezember noch sehr gut zu erkennen. Das Flammeninferno hatte nicht nur W\u00e4lder verbrannt. Auch H\u00f6fe und Traktoren, Fahrzeuge, alles hatte hier gebrannt. Stra\u00dfen waren teilweise weg, Asphalt geschmolzen. Wir hielten uns nur im Norden der Insel auf und fuhren zum \u201eDrymonas Wasserfall\u201c. Er hatte viel Wasser, aber alles was zur Absicherung und als Zuweg gebaut worden war, war vom Feuer zerst\u00f6rt. Wir waren nach 2 Tagen so deprimiert \u00fcber das was wir sahen, da\u00df wir beschlossen die F\u00e4hre im Norden nach \u201eGlyfa\u201c wieder zu nehmen und die Insel zu verlassen. \u201eEvia\u201c ist sicher sch\u00f6n, wenn die Natur wieder zur\u00fcckgekommen ist. Die Insel ist auch vom Tourismus noch nicht entdeckt.<\/p>\n\n\n\n<figure class=\"wp-block-image size-full\"><a href=\"https:\/\/www.ufftour.de\/wp-content\/uploads\/2023\/04\/415.12.21.15.45.-Drymonas-Wasserfall.jpg\"><img loading=\"lazy\" decoding=\"async\" width=\"420\" height=\"933\" src=\"https:\/\/www.ufftour.de\/wp-content\/uploads\/2023\/04\/415.12.21.15.45.-Drymonas-Wasserfall.jpg\" alt=\"\" class=\"wp-image-4789\" srcset=\"https:\/\/www.ufftour.de\/wp-content\/uploads\/2023\/04\/415.12.21.15.45.-Drymonas-Wasserfall.jpg 420w, https:\/\/www.ufftour.de\/wp-content\/uploads\/2023\/04\/415.12.21.15.45.-Drymonas-Wasserfall-135x300.jpg 135w\" sizes=\"auto, (max-width: 420px) 100vw, 420px\" \/><\/a><figcaption class=\"wp-element-caption\">Drymonas Wasserfall auf Evia<\/figcaption><\/figure>\n\n\n\n<figure class=\"wp-block-image size-full\"><a href=\"https:\/\/www.ufftour.de\/wp-content\/uploads\/2023\/04\/415.12.21.16.29.-Evvia-Waldbraende.jpg\"><img loading=\"lazy\" decoding=\"async\" width=\"420\" height=\"933\" src=\"https:\/\/www.ufftour.de\/wp-content\/uploads\/2023\/04\/415.12.21.16.29.-Evvia-Waldbraende.jpg\" alt=\"\" class=\"wp-image-4790\" srcset=\"https:\/\/www.ufftour.de\/wp-content\/uploads\/2023\/04\/415.12.21.16.29.-Evvia-Waldbraende.jpg 420w, https:\/\/www.ufftour.de\/wp-content\/uploads\/2023\/04\/415.12.21.16.29.-Evvia-Waldbraende-135x300.jpg 135w\" sizes=\"auto, (max-width: 420px) 100vw, 420px\" \/><\/a><figcaption class=\"wp-element-caption\">Waldbrandschaden August 2021<\/figcaption><\/figure>\n\n\n\n<figure class=\"wp-block-image size-full\"><a href=\"https:\/\/www.ufftour.de\/wp-content\/uploads\/2023\/04\/415.12.21.14.11.-Evvia.jpg\"><img loading=\"lazy\" decoding=\"async\" width=\"960\" height=\"432\" src=\"https:\/\/www.ufftour.de\/wp-content\/uploads\/2023\/04\/415.12.21.14.11.-Evvia.jpg\" alt=\"\" class=\"wp-image-4791\" srcset=\"https:\/\/www.ufftour.de\/wp-content\/uploads\/2023\/04\/415.12.21.14.11.-Evvia.jpg 960w, https:\/\/www.ufftour.de\/wp-content\/uploads\/2023\/04\/415.12.21.14.11.-Evvia-300x135.jpg 300w, https:\/\/www.ufftour.de\/wp-content\/uploads\/2023\/04\/415.12.21.14.11.-Evvia-768x346.jpg 768w\" sizes=\"auto, (max-width: 960px) 100vw, 960px\" \/><\/a><figcaption class=\"wp-element-caption\">Blick \u00fcber Evia<\/figcaption><\/figure>\n\n\n\n<p>Als wir Tage zuvor in \u201eAhilio\u201c waren, liefen uns ein paar Welpen \u00fcber die F\u00fc\u00dfe. Ein Anwohner meinte wir sollten doch eins mitnehmen. Wir meinten aber wir h\u00e4tten keinen Platz. Als wir von der Insel Evia zur\u00fcckkamen waren wir anderer Meinung. Nach langen Diskussionen hatten wir uns entschieden einen Welpen mitzunehmen, um einen Wachhund f\u00fcr Flip aus ihm zu machen. Wenn sechs kleine Welpen um dich rumwuseln, f\u00fcr wen entscheidest du dich? Ein kleiner setzte sich ganz selbstverst\u00e4ndlich neben mich und nahm die angebotenen Leckerlis ganz zart aus meiner Hand. Die anderen benahmen sich eher wie Piranhas. So nahmen wir das zarte Tierchen mit. Wir tauften sie \u201eAchilles\u201c, weil sie ja aus \u201eAhilio\u201c kam. So ver\u00e4nderte sich unser Leben in ganz kurzer Zeit.<\/p>\n\n\n\n<figure class=\"wp-block-image size-full\"><a href=\"https:\/\/www.ufftour.de\/wp-content\/uploads\/2023\/04\/414.12.21.16.06.-4-von-6.jpg\"><img loading=\"lazy\" decoding=\"async\" width=\"950\" height=\"534\" src=\"https:\/\/www.ufftour.de\/wp-content\/uploads\/2023\/04\/414.12.21.16.06.-4-von-6.jpg\" alt=\"\" class=\"wp-image-4792\" srcset=\"https:\/\/www.ufftour.de\/wp-content\/uploads\/2023\/04\/414.12.21.16.06.-4-von-6.jpg 950w, https:\/\/www.ufftour.de\/wp-content\/uploads\/2023\/04\/414.12.21.16.06.-4-von-6-300x169.jpg 300w, https:\/\/www.ufftour.de\/wp-content\/uploads\/2023\/04\/414.12.21.16.06.-4-von-6-768x432.jpg 768w\" sizes=\"auto, (max-width: 950px) 100vw, 950px\" \/><\/a><figcaption class=\"wp-element-caption\">Achilles kommt unten rechts den Berg hoch<\/figcaption><\/figure>\n\n\n\n<figure class=\"wp-block-image size-full\"><a href=\"https:\/\/www.ufftour.de\/wp-content\/uploads\/2023\/04\/414.12.21.16.05.-Welpe-Nummer-keine-Ahnung.jpg\"><img loading=\"lazy\" decoding=\"async\" width=\"950\" height=\"534\" src=\"https:\/\/www.ufftour.de\/wp-content\/uploads\/2023\/04\/414.12.21.16.05.-Welpe-Nummer-keine-Ahnung.jpg\" alt=\"\" class=\"wp-image-4793\" srcset=\"https:\/\/www.ufftour.de\/wp-content\/uploads\/2023\/04\/414.12.21.16.05.-Welpe-Nummer-keine-Ahnung.jpg 950w, https:\/\/www.ufftour.de\/wp-content\/uploads\/2023\/04\/414.12.21.16.05.-Welpe-Nummer-keine-Ahnung-300x169.jpg 300w, https:\/\/www.ufftour.de\/wp-content\/uploads\/2023\/04\/414.12.21.16.05.-Welpe-Nummer-keine-Ahnung-768x432.jpg 768w\" sizes=\"auto, (max-width: 950px) 100vw, 950px\" \/><\/a><figcaption class=\"wp-element-caption\">kleine Schwester von Achilles<\/figcaption><\/figure>\n\n\n\n<figure class=\"wp-block-image size-full\"><a href=\"https:\/\/www.ufftour.de\/wp-content\/uploads\/2023\/04\/416.12.21.15.52.erstesBadamerstenTag.jpg\"><img loading=\"lazy\" decoding=\"async\" width=\"960\" height=\"540\" src=\"https:\/\/www.ufftour.de\/wp-content\/uploads\/2023\/04\/416.12.21.15.52.erstesBadamerstenTag.jpg\" alt=\"\" class=\"wp-image-4794\" srcset=\"https:\/\/www.ufftour.de\/wp-content\/uploads\/2023\/04\/416.12.21.15.52.erstesBadamerstenTag.jpg 960w, https:\/\/www.ufftour.de\/wp-content\/uploads\/2023\/04\/416.12.21.15.52.erstesBadamerstenTag-300x169.jpg 300w, https:\/\/www.ufftour.de\/wp-content\/uploads\/2023\/04\/416.12.21.15.52.erstesBadamerstenTag-768x432.jpg 768w\" sizes=\"auto, (max-width: 960px) 100vw, 960px\" \/><\/a><figcaption class=\"wp-element-caption\">Achilles nach dem ersten Bad<\/figcaption><\/figure>\n\n\n\n<figure class=\"wp-block-image size-full\"><a href=\"https:\/\/www.ufftour.de\/wp-content\/uploads\/2023\/04\/414.12.21.15.41.-Standplatz-vom-Dorf-aus.jpg\"><img loading=\"lazy\" decoding=\"async\" width=\"950\" height=\"534\" src=\"https:\/\/www.ufftour.de\/wp-content\/uploads\/2023\/04\/414.12.21.15.41.-Standplatz-vom-Dorf-aus.jpg\" alt=\"\" class=\"wp-image-4795\" srcset=\"https:\/\/www.ufftour.de\/wp-content\/uploads\/2023\/04\/414.12.21.15.41.-Standplatz-vom-Dorf-aus.jpg 950w, https:\/\/www.ufftour.de\/wp-content\/uploads\/2023\/04\/414.12.21.15.41.-Standplatz-vom-Dorf-aus-300x169.jpg 300w, https:\/\/www.ufftour.de\/wp-content\/uploads\/2023\/04\/414.12.21.15.41.-Standplatz-vom-Dorf-aus-768x432.jpg 768w\" sizes=\"auto, (max-width: 950px) 100vw, 950px\" \/><\/a><figcaption class=\"wp-element-caption\">Standplatz in Ahilio und Fundort von Achilles<\/figcaption><\/figure>\n\n\n\n<p>\u00dcber die N3 wollten wir nach \u201eAthen\u201c, auf ca. 350 H\u00f6henmeter mussten wir wenden. Schneefall hatte die Stra\u00dfe f\u00fcr uns unpassierbar gemacht. Wir rutschten und kamen irgendwann gar nicht mehr weiter. Das Wendeman\u00f6ver war eine Tortour. Flip rutschte seitlich weg und das auf schmaler Stra\u00dfe. Es dauerte richtig lange bis Stefan Flip auf dieser Stra\u00dfe gedreht hatte und er wieder sicher stand. Auf den Schreck machten wir erst einmal ein paar Meter weiter unten halt und liefen durch den Schnee, der uns total \u00fcberrascht hatte.<\/p>\n\n\n\n<figure class=\"wp-block-image size-full\"><a href=\"https:\/\/www.ufftour.de\/wp-content\/uploads\/2023\/04\/418.12.21.11.11.Richt_.Athen_.jpg\"><img loading=\"lazy\" decoding=\"async\" width=\"960\" height=\"540\" src=\"https:\/\/www.ufftour.de\/wp-content\/uploads\/2023\/04\/418.12.21.11.11.Richt_.Athen_.jpg\" alt=\"\" class=\"wp-image-4796\" srcset=\"https:\/\/www.ufftour.de\/wp-content\/uploads\/2023\/04\/418.12.21.11.11.Richt_.Athen_.jpg 960w, https:\/\/www.ufftour.de\/wp-content\/uploads\/2023\/04\/418.12.21.11.11.Richt_.Athen_-300x169.jpg 300w, https:\/\/www.ufftour.de\/wp-content\/uploads\/2023\/04\/418.12.21.11.11.Richt_.Athen_-768x432.jpg 768w\" sizes=\"auto, (max-width: 960px) 100vw, 960px\" \/><\/a><figcaption class=\"wp-element-caption\">vom Schnee \u00fcberrrascht<\/figcaption><\/figure>\n\n\n\n<figure class=\"wp-block-image size-full\"><a href=\"https:\/\/www.ufftour.de\/wp-content\/uploads\/2023\/04\/418.12.21.11.33.ersterSchnee.jpg\"><img loading=\"lazy\" decoding=\"async\" width=\"950\" height=\"534\" src=\"https:\/\/www.ufftour.de\/wp-content\/uploads\/2023\/04\/418.12.21.11.33.ersterSchnee.jpg\" alt=\"\" class=\"wp-image-4797\" srcset=\"https:\/\/www.ufftour.de\/wp-content\/uploads\/2023\/04\/418.12.21.11.33.ersterSchnee.jpg 950w, https:\/\/www.ufftour.de\/wp-content\/uploads\/2023\/04\/418.12.21.11.33.ersterSchnee-300x169.jpg 300w, https:\/\/www.ufftour.de\/wp-content\/uploads\/2023\/04\/418.12.21.11.33.ersterSchnee-768x432.jpg 768w\" sizes=\"auto, (max-width: 950px) 100vw, 950px\" \/><\/a><figcaption class=\"wp-element-caption\">Sonnenhund landet am 3. Tag bei uns gleich im hohen Schnee<\/figcaption><\/figure>\n\n\n\n<p>Wir krochen langsam wieder auf tiefere Ebenen zur\u00fcck. Und welch ein Gl\u00fcck, da wir eine andere Strecke nahmen kamen wir an \u201eThermopolis\u201c direkt an den hei\u00dfen Quellen vorbei. Das kam uns gerade recht. Wir fanden dort direkt an einem Thermalbecken einen Platz und sprangen gleich darauf in das warme Wasser. Welch' eine Wohltat nach der K\u00e4lte und dem Schreck im Schnee.<\/p>\n\n\n\n<figure class=\"wp-block-image size-full\"><a href=\"https:\/\/www.ufftour.de\/wp-content\/uploads\/2023\/04\/419.12.21.09.06.Thermopolis.jpg\"><img loading=\"lazy\" decoding=\"async\" width=\"960\" height=\"540\" src=\"https:\/\/www.ufftour.de\/wp-content\/uploads\/2023\/04\/419.12.21.09.06.Thermopolis.jpg\" alt=\"\" class=\"wp-image-4798\" srcset=\"https:\/\/www.ufftour.de\/wp-content\/uploads\/2023\/04\/419.12.21.09.06.Thermopolis.jpg 960w, https:\/\/www.ufftour.de\/wp-content\/uploads\/2023\/04\/419.12.21.09.06.Thermopolis-300x169.jpg 300w, https:\/\/www.ufftour.de\/wp-content\/uploads\/2023\/04\/419.12.21.09.06.Thermopolis-768x432.jpg 768w\" sizes=\"auto, (max-width: 960px) 100vw, 960px\" \/><\/a><figcaption class=\"wp-element-caption\">Thermopolis<\/figcaption><\/figure>\n\n\n\n<figure class=\"wp-block-image size-full\"><a href=\"https:\/\/www.ufftour.de\/wp-content\/uploads\/2023\/04\/419.12.21.09.11.Thermopolis.jpg\"><img loading=\"lazy\" decoding=\"async\" width=\"960\" height=\"540\" src=\"https:\/\/www.ufftour.de\/wp-content\/uploads\/2023\/04\/419.12.21.09.11.Thermopolis.jpg\" alt=\"\" class=\"wp-image-4799\" srcset=\"https:\/\/www.ufftour.de\/wp-content\/uploads\/2023\/04\/419.12.21.09.11.Thermopolis.jpg 960w, https:\/\/www.ufftour.de\/wp-content\/uploads\/2023\/04\/419.12.21.09.11.Thermopolis-300x169.jpg 300w, https:\/\/www.ufftour.de\/wp-content\/uploads\/2023\/04\/419.12.21.09.11.Thermopolis-768x432.jpg 768w\" sizes=\"auto, (max-width: 960px) 100vw, 960px\" \/><\/a><figcaption class=\"wp-element-caption\">richtig toll hei\u00df<\/figcaption><\/figure>\n\n\n\n<figure class=\"wp-block-image size-full\"><a href=\"https:\/\/www.ufftour.de\/wp-content\/uploads\/2023\/04\/419.12.21.09.16.Thermopolis.jpg\"><img loading=\"lazy\" decoding=\"async\" width=\"960\" height=\"540\" src=\"https:\/\/www.ufftour.de\/wp-content\/uploads\/2023\/04\/419.12.21.09.16.Thermopolis.jpg\" alt=\"\" class=\"wp-image-4800\" srcset=\"https:\/\/www.ufftour.de\/wp-content\/uploads\/2023\/04\/419.12.21.09.16.Thermopolis.jpg 960w, https:\/\/www.ufftour.de\/wp-content\/uploads\/2023\/04\/419.12.21.09.16.Thermopolis-300x169.jpg 300w, https:\/\/www.ufftour.de\/wp-content\/uploads\/2023\/04\/419.12.21.09.16.Thermopolis-768x432.jpg 768w\" sizes=\"auto, (max-width: 960px) 100vw, 960px\" \/><\/a><figcaption class=\"wp-element-caption\">direkt vor der Haust\u00fcr das Becken<\/figcaption><\/figure>\n\n\n\n<figure class=\"wp-block-image size-full\"><a href=\"https:\/\/www.ufftour.de\/wp-content\/uploads\/2023\/04\/419.12.21.10.27.Thermopolis.jpg\"><img loading=\"lazy\" decoding=\"async\" width=\"960\" height=\"540\" src=\"https:\/\/www.ufftour.de\/wp-content\/uploads\/2023\/04\/419.12.21.10.27.Thermopolis.jpg\" alt=\"\" class=\"wp-image-4801\" srcset=\"https:\/\/www.ufftour.de\/wp-content\/uploads\/2023\/04\/419.12.21.10.27.Thermopolis.jpg 960w, https:\/\/www.ufftour.de\/wp-content\/uploads\/2023\/04\/419.12.21.10.27.Thermopolis-300x169.jpg 300w, https:\/\/www.ufftour.de\/wp-content\/uploads\/2023\/04\/419.12.21.10.27.Thermopolis-768x432.jpg 768w\" sizes=\"auto, (max-width: 960px) 100vw, 960px\" \/><\/a><figcaption class=\"wp-element-caption\">das war echt toll<\/figcaption><\/figure>\n\n\n\n<p>\u201eAthen\u201c als Hauptstadt und Kulturstadt darf nat\u00fcrlich nicht ausgelassen werden. Das gleiche Problem, wie immer in den St\u00e4dten, wir m\u00fcssen auf einen Stell- oder Campingplatz. In \u201eAthen\u201c haben wir vorher einen Platz gebucht, der eigentlich f\u00fcr Busse und gr\u00f6\u00dfere Fahrzeuge ausgewiesen ist. Wir hoffen hier auch andere Camper zu finden, um vielleicht ein oder zwei Weihnachtslieder zusammen singen zu k\u00f6nnen, oder vielleicht sogar ein paar von unseren Pl\u00e4tzchen teilen zu k\u00f6nnen. Der Platz liegt mitten im innerst\u00e4dtischen, total verschmutzten Gewerbegebiet und ist ganz schrecklich. Von Vorteil ist die Lage nahe an der Metro nach Athen-Mitte und er hat eine saubere Dusche und sehr nette Betreiber. Aber Weihnachtsstimmung kommt hier nicht auf. Obwohl, die Inhaber schenkten uns an Heiligabend eine kleine Flasche Ouzo. Vielleicht das wir es so aushielten?<\/p>\n\n\n\n<figure class=\"wp-block-image size-full\"><a href=\"https:\/\/www.ufftour.de\/wp-content\/uploads\/2023\/04\/425.12.21.15.23.-Stellplatz-Athen-Remiza-Parking.jpg\"><img loading=\"lazy\" decoding=\"async\" width=\"960\" height=\"540\" src=\"https:\/\/www.ufftour.de\/wp-content\/uploads\/2023\/04\/425.12.21.15.23.-Stellplatz-Athen-Remiza-Parking.jpg\" alt=\"\" class=\"wp-image-4802\" srcset=\"https:\/\/www.ufftour.de\/wp-content\/uploads\/2023\/04\/425.12.21.15.23.-Stellplatz-Athen-Remiza-Parking.jpg 960w, https:\/\/www.ufftour.de\/wp-content\/uploads\/2023\/04\/425.12.21.15.23.-Stellplatz-Athen-Remiza-Parking-300x169.jpg 300w, https:\/\/www.ufftour.de\/wp-content\/uploads\/2023\/04\/425.12.21.15.23.-Stellplatz-Athen-Remiza-Parking-768x432.jpg 768w\" sizes=\"auto, (max-width: 960px) 100vw, 960px\" \/><\/a><figcaption class=\"wp-element-caption\">Stellplatz f\u00fcr LKW und Busse in Athen<\/figcaption><\/figure>\n\n\n\n<p>Die \u201eAkropolis\u201c steht ganz hoch oben \u00fcber der Stadt. Gegen\u00fcber ist ein Berg von dem man einen tollen Blick \u00fcber die Stadt hat. Auf dem Weg zur\u00fcck in die Mitte kamen wir an vielen der bekannten Sehensw\u00fcrdigkeiten vorbei. In einem Flohmarktviertel hinter Monastiri, im \u201elittle Kook\u201c, ein Gastronomieviertel, dort herrschte totale Weihnachststimmung. \u00dcberall Weihnachtsdeko und Blim Blim. Athen-Mitte hat uns, au\u00dfer das Viertel in dem wir wohnten, sehr gut gefallen.<\/p>\n\n\n\n<figure class=\"wp-block-image size-full\"><a href=\"https:\/\/www.ufftour.de\/wp-content\/uploads\/2023\/04\/424.12.21.13.31.-Blick-ueber-Athen.jpg\"><img loading=\"lazy\" decoding=\"async\" width=\"960\" height=\"540\" src=\"https:\/\/www.ufftour.de\/wp-content\/uploads\/2023\/04\/424.12.21.13.31.-Blick-ueber-Athen.jpg\" alt=\"\" class=\"wp-image-4803\" srcset=\"https:\/\/www.ufftour.de\/wp-content\/uploads\/2023\/04\/424.12.21.13.31.-Blick-ueber-Athen.jpg 960w, https:\/\/www.ufftour.de\/wp-content\/uploads\/2023\/04\/424.12.21.13.31.-Blick-ueber-Athen-300x169.jpg 300w, https:\/\/www.ufftour.de\/wp-content\/uploads\/2023\/04\/424.12.21.13.31.-Blick-ueber-Athen-768x432.jpg 768w\" sizes=\"auto, (max-width: 960px) 100vw, 960px\" \/><\/a><figcaption class=\"wp-element-caption\">Blick \u00fcber Athen<\/figcaption><\/figure>\n\n\n\n<figure class=\"wp-block-image size-full\"><a href=\"https:\/\/www.ufftour.de\/wp-content\/uploads\/2023\/04\/424.12.21.13.40-Athen.jpg\"><img loading=\"lazy\" decoding=\"async\" width=\"960\" height=\"540\" src=\"https:\/\/www.ufftour.de\/wp-content\/uploads\/2023\/04\/424.12.21.13.40-Athen.jpg\" alt=\"\" class=\"wp-image-4805\" srcset=\"https:\/\/www.ufftour.de\/wp-content\/uploads\/2023\/04\/424.12.21.13.40-Athen.jpg 960w, https:\/\/www.ufftour.de\/wp-content\/uploads\/2023\/04\/424.12.21.13.40-Athen-300x169.jpg 300w, https:\/\/www.ufftour.de\/wp-content\/uploads\/2023\/04\/424.12.21.13.40-Athen-768x432.jpg 768w\" sizes=\"auto, (max-width: 960px) 100vw, 960px\" \/><\/a><figcaption class=\"wp-element-caption\">Blick \u00fcber Athen<\/figcaption><\/figure>\n\n\n\n<figure class=\"wp-block-image size-full is-resized\"><a href=\"https:\/\/www.ufftour.de\/wp-content\/uploads\/2023\/04\/424.12.21.14.23.-alte-Steine-in-Athen.jpg\"><img loading=\"lazy\" decoding=\"async\" src=\"https:\/\/www.ufftour.de\/wp-content\/uploads\/2023\/04\/424.12.21.14.23.-alte-Steine-in-Athen.jpg\" alt=\"\" class=\"wp-image-4806\" width=\"840\" height=\"472\" srcset=\"https:\/\/www.ufftour.de\/wp-content\/uploads\/2023\/04\/424.12.21.14.23.-alte-Steine-in-Athen.jpg 960w, https:\/\/www.ufftour.de\/wp-content\/uploads\/2023\/04\/424.12.21.14.23.-alte-Steine-in-Athen-300x169.jpg 300w, https:\/\/www.ufftour.de\/wp-content\/uploads\/2023\/04\/424.12.21.14.23.-alte-Steine-in-Athen-768x432.jpg 768w\" sizes=\"auto, (max-width: 840px) 100vw, 840px\" \/><\/a><figcaption class=\"wp-element-caption\">alte Steine<\/figcaption><\/figure>\n\n\n\n<figure class=\"wp-block-image size-full\"><a href=\"https:\/\/www.ufftour.de\/wp-content\/uploads\/2023\/04\/424.12.21.14.29.-Temple-of-Zeus.jpg\"><img loading=\"lazy\" decoding=\"async\" width=\"960\" height=\"540\" src=\"https:\/\/www.ufftour.de\/wp-content\/uploads\/2023\/04\/424.12.21.14.29.-Temple-of-Zeus.jpg\" alt=\"\" class=\"wp-image-4807\" srcset=\"https:\/\/www.ufftour.de\/wp-content\/uploads\/2023\/04\/424.12.21.14.29.-Temple-of-Zeus.jpg 960w, https:\/\/www.ufftour.de\/wp-content\/uploads\/2023\/04\/424.12.21.14.29.-Temple-of-Zeus-300x169.jpg 300w, https:\/\/www.ufftour.de\/wp-content\/uploads\/2023\/04\/424.12.21.14.29.-Temple-of-Zeus-768x432.jpg 768w\" sizes=\"auto, (max-width: 960px) 100vw, 960px\" \/><\/a><figcaption class=\"wp-element-caption\">Temple of Zeus<\/figcaption><\/figure>\n\n\n\n<figure class=\"wp-block-image size-full\"><a href=\"https:\/\/www.ufftour.de\/wp-content\/uploads\/2023\/04\/424.12.21.14.56.-Ladengeschaeft.jpg\"><img loading=\"lazy\" decoding=\"async\" width=\"960\" height=\"540\" src=\"https:\/\/www.ufftour.de\/wp-content\/uploads\/2023\/04\/424.12.21.14.56.-Ladengeschaeft.jpg\" alt=\"\" class=\"wp-image-4808\" srcset=\"https:\/\/www.ufftour.de\/wp-content\/uploads\/2023\/04\/424.12.21.14.56.-Ladengeschaeft.jpg 960w, https:\/\/www.ufftour.de\/wp-content\/uploads\/2023\/04\/424.12.21.14.56.-Ladengeschaeft-300x169.jpg 300w, https:\/\/www.ufftour.de\/wp-content\/uploads\/2023\/04\/424.12.21.14.56.-Ladengeschaeft-768x432.jpg 768w\" sizes=\"auto, (max-width: 960px) 100vw, 960px\" \/><\/a><figcaption class=\"wp-element-caption\">Ladengesch\u00e4ft in Athen<\/figcaption><\/figure>\n\n\n\n<figure class=\"wp-block-image size-full\"><a href=\"https:\/\/www.ufftour.de\/wp-content\/uploads\/2023\/04\/424.12.21.16.02.-Akropolis.jpg\"><img loading=\"lazy\" decoding=\"async\" width=\"960\" height=\"540\" src=\"https:\/\/www.ufftour.de\/wp-content\/uploads\/2023\/04\/424.12.21.16.02.-Akropolis.jpg\" alt=\"\" class=\"wp-image-4809\" srcset=\"https:\/\/www.ufftour.de\/wp-content\/uploads\/2023\/04\/424.12.21.16.02.-Akropolis.jpg 960w, https:\/\/www.ufftour.de\/wp-content\/uploads\/2023\/04\/424.12.21.16.02.-Akropolis-300x169.jpg 300w, https:\/\/www.ufftour.de\/wp-content\/uploads\/2023\/04\/424.12.21.16.02.-Akropolis-768x432.jpg 768w\" sizes=\"auto, (max-width: 960px) 100vw, 960px\" \/><\/a><figcaption class=\"wp-element-caption\">Akropolis<\/figcaption><\/figure>\n\n\n\n<figure class=\"wp-block-image size-full\"><a href=\"https:\/\/www.ufftour.de\/wp-content\/uploads\/2023\/04\/424.12.21.16.19.-Little-Kook.jpg\"><img loading=\"lazy\" decoding=\"async\" width=\"960\" height=\"540\" src=\"https:\/\/www.ufftour.de\/wp-content\/uploads\/2023\/04\/424.12.21.16.19.-Little-Kook.jpg\" alt=\"\" class=\"wp-image-4810\" srcset=\"https:\/\/www.ufftour.de\/wp-content\/uploads\/2023\/04\/424.12.21.16.19.-Little-Kook.jpg 960w, https:\/\/www.ufftour.de\/wp-content\/uploads\/2023\/04\/424.12.21.16.19.-Little-Kook-300x169.jpg 300w, https:\/\/www.ufftour.de\/wp-content\/uploads\/2023\/04\/424.12.21.16.19.-Little-Kook-768x432.jpg 768w\" sizes=\"auto, (max-width: 960px) 100vw, 960px\" \/><\/a><figcaption class=\"wp-element-caption\">Little Kook an Weihnachten<\/figcaption><\/figure>\n\n\n\n<figure class=\"wp-block-image size-full\"><a href=\"https:\/\/www.ufftour.de\/wp-content\/uploads\/2023\/04\/421.12.21.09.13.-5ter-Tag-bei-uns.jpg\"><img loading=\"lazy\" decoding=\"async\" width=\"960\" height=\"540\" src=\"https:\/\/www.ufftour.de\/wp-content\/uploads\/2023\/04\/421.12.21.09.13.-5ter-Tag-bei-uns.jpg\" alt=\"\" class=\"wp-image-4811\" srcset=\"https:\/\/www.ufftour.de\/wp-content\/uploads\/2023\/04\/421.12.21.09.13.-5ter-Tag-bei-uns.jpg 960w, https:\/\/www.ufftour.de\/wp-content\/uploads\/2023\/04\/421.12.21.09.13.-5ter-Tag-bei-uns-300x169.jpg 300w, https:\/\/www.ufftour.de\/wp-content\/uploads\/2023\/04\/421.12.21.09.13.-5ter-Tag-bei-uns-768x432.jpg 768w\" sizes=\"auto, (max-width: 960px) 100vw, 960px\" \/><\/a><figcaption class=\"wp-element-caption\">Sie war jetzt 8 Tage bei uns und der Star bei den Menschen aus Athen<\/figcaption><\/figure>\n\n\n\n<p>Auch Korinth ist sicher nicht unbekannt. Der \u201eKanal von Korinth\u201c wurde durch harte Arbeit geschaffen. 84 Meter tief musste durch das Gestein gegraben werden. Er verbindet den Korinthischen Golf mit dem Saronischen Golf und ersparte den Schiffen ca. 400 km Schiffahrt, damals. Heute fahren fast nur Touristenschiffe den Kanal. Somit hat er an Bedeutung verloren. Ein sch\u00f6ner Anblick war es trotzdem. Wir standen fast direkt am Kanal auf einer Anh\u00f6he und hatten eine tolle Aussicht.<\/p>\n\n\n\n<figure class=\"wp-block-image size-full\"><a href=\"https:\/\/www.ufftour.de\/wp-content\/uploads\/2023\/04\/427.12.21.14.04.-Kanal-von-Korinth.jpg\"><img loading=\"lazy\" decoding=\"async\" width=\"540\" height=\"960\" src=\"https:\/\/www.ufftour.de\/wp-content\/uploads\/2023\/04\/427.12.21.14.04.-Kanal-von-Korinth.jpg\" alt=\"\" class=\"wp-image-4812\" srcset=\"https:\/\/www.ufftour.de\/wp-content\/uploads\/2023\/04\/427.12.21.14.04.-Kanal-von-Korinth.jpg 540w, https:\/\/www.ufftour.de\/wp-content\/uploads\/2023\/04\/427.12.21.14.04.-Kanal-von-Korinth-169x300.jpg 169w\" sizes=\"auto, (max-width: 540px) 100vw, 540px\" \/><\/a><figcaption class=\"wp-element-caption\">Kanal von Korinth<\/figcaption><\/figure>\n\n\n\n<figure class=\"wp-block-image size-full\"><a href=\"https:\/\/www.ufftour.de\/wp-content\/uploads\/2023\/04\/428.12.21.11.13.-Ancient-Korinth.jpg\"><img loading=\"lazy\" decoding=\"async\" width=\"960\" height=\"540\" src=\"https:\/\/www.ufftour.de\/wp-content\/uploads\/2023\/04\/428.12.21.11.13.-Ancient-Korinth.jpg\" alt=\"\" class=\"wp-image-4813\" srcset=\"https:\/\/www.ufftour.de\/wp-content\/uploads\/2023\/04\/428.12.21.11.13.-Ancient-Korinth.jpg 960w, https:\/\/www.ufftour.de\/wp-content\/uploads\/2023\/04\/428.12.21.11.13.-Ancient-Korinth-300x169.jpg 300w, https:\/\/www.ufftour.de\/wp-content\/uploads\/2023\/04\/428.12.21.11.13.-Ancient-Korinth-768x432.jpg 768w\" sizes=\"auto, (max-width: 960px) 100vw, 960px\" \/><\/a><figcaption class=\"wp-element-caption\">Ancient Korinth was noch \u00fcbrig ist<\/figcaption><\/figure>\n\n\n\n<p>Au\u00dferdem trennt der Kanal die Halbinsel Peloponnes vom griechischen Festland, was hei\u00dft, wir reisen in einen anderen Teil des sch\u00f6nen Landes ein. Noch immer sind wir total begeistert vom Land und den Menschen und hoffen ihr folgt uns weiter. Bevor wir auf den Peloponnes reisten hatten wir noch einen berauschenden Blick auf die Insel Hydra. Als w\u00fcrde sich der Himmel \u00f6ffnen.<\/p>\n\n\n\n<figure class=\"wp-block-image size-full\"><a href=\"https:\/\/www.ufftour.de\/wp-content\/uploads\/2023\/04\/431.12.21.08.05.Blick-auf-Hydra.jpg\"><img loading=\"lazy\" decoding=\"async\" width=\"960\" height=\"540\" src=\"https:\/\/www.ufftour.de\/wp-content\/uploads\/2023\/04\/431.12.21.08.05.Blick-auf-Hydra.jpg\" alt=\"\" class=\"wp-image-4814\" srcset=\"https:\/\/www.ufftour.de\/wp-content\/uploads\/2023\/04\/431.12.21.08.05.Blick-auf-Hydra.jpg 960w, https:\/\/www.ufftour.de\/wp-content\/uploads\/2023\/04\/431.12.21.08.05.Blick-auf-Hydra-300x169.jpg 300w, https:\/\/www.ufftour.de\/wp-content\/uploads\/2023\/04\/431.12.21.08.05.Blick-auf-Hydra-768x432.jpg 768w\" sizes=\"auto, (max-width: 960px) 100vw, 960px\" \/><\/a><figcaption class=\"wp-element-caption\">Blick auf Hydra<\/figcaption><\/figure>\n","protected":false},"excerpt":{"rendered":"<p>Der Weg zu den drei Fingern f\u00fchrte uns an den \u201eVarvaras Wasserf\u00e4llen\u201c \u00fcber \u201ePirgadikia\u201c ein sch\u00f6ner K\u00fcstenort, das an einer kleinen Bucht liegt, vorbei.<\/p>\n","protected":false},"author":4,"featured_media":0,"comment_status":"open","ping_status":"open","sticky":false,"template":"","format":"standard","meta":{"footnotes":""},"categories":[1],"tags":[],"class_list":{"0":"post-4745","1":"post","2":"type-post","3":"status-publish","4":"format-standard","6":"category-allgemein","7":"h-entry","8":"hentry","9":"h-as-article"},"_links":{"self":[{"href":"https:\/\/www.ufftour.de\/index.php?rest_route=\/wp\/v2\/posts\/4745","targetHints":{"allow":["GET"]}}],"collection":[{"href":"https:\/\/www.ufftour.de\/index.php?rest_route=\/wp\/v2\/posts"}],"about":[{"href":"https:\/\/www.ufftour.de\/index.php?rest_route=\/wp\/v2\/types\/post"}],"author":[{"embeddable":true,"href":"https:\/\/www.ufftour.de\/index.php?rest_route=\/wp\/v2\/users\/4"}],"replies":[{"embeddable":true,"href":"https:\/\/www.ufftour.de\/index.php?rest_route=%2Fwp%2Fv2%2Fcomments&post=4745"}],"version-history":[{"count":2,"href":"https:\/\/www.ufftour.de\/index.php?rest_route=\/wp\/v2\/posts\/4745\/revisions"}],"predecessor-version":[{"id":4816,"href":"https:\/\/www.ufftour.de\/index.php?rest_route=\/wp\/v2\/posts\/4745\/revisions\/4816"}],"wp:attachment":[{"href":"https:\/\/www.ufftour.de\/index.php?rest_route=%2Fwp%2Fv2%2Fmedia&parent=4745"}],"wp:term":[{"taxonomy":"category","embeddable":true,"href":"https:\/\/www.ufftour.de\/index.php?rest_route=%2Fwp%2Fv2%2Fcategories&post=4745"},{"taxonomy":"post_tag","embeddable":true,"href":"https:\/\/www.ufftour.de\/index.php?rest_route=%2Fwp%2Fv2%2Ftags&post=4745"}],"curies":[{"name":"wp","href":"https:\/\/api.w.org\/{rel}","templated":true}]}}