{"id":359,"date":"2008-06-29T14:53:02","date_gmt":"2008-06-29T12:53:02","guid":{"rendered":"http:\/\/www.ufftour.de\/?p=359"},"modified":"2015-05-16T20:12:13","modified_gmt":"2015-05-16T18:12:13","slug":"11-heidenheimer-weltenbummler-treffen-2008","status":"publish","type":"post","link":"https:\/\/www.ufftour.de\/?p=359","title":{"rendered":"11. Heidenheimer Weltenbummler-Treffen 2008"},"content":{"rendered":"<p>Am letzten Juni-Wochenende waren wir auf dem <a href=\"http:\/\/www.hdh-weltenbummler.de\/\" target=\"_blank\">Heidenheimer Weltenbummler-Treffen<\/a>. F\u00fcr Heike, Markus und Katharina lag das Treffen auf dem Hinweg der diesj\u00e4hrigen Tour, ging es doch von Heidenheim aus direkt in die rum\u00e4nischen Karpaten. Juliane und Stefan mussten leider nach dem Treffen wieder Richtung Heimat und arbeiten.<\/p>\n<p>Ein fast schon famili\u00e4res Treffen in angenehmer Umgebung. In diesem Jahr durften wir den Organisator Frank durch 2 Vortr\u00e4ge unterst\u00fctzen (\"Alte Milit\u00e4rwege in den Alpen\" und \"Nord-Griechenland\").<\/p>\n<p><!--more--><\/p>\n<p><a href=\"https:\/\/www.ufftour.de\/wp-content\/uploads\/2008\/08\/img_4156.jpg\"><img loading=\"lazy\" decoding=\"async\" class=\"aligncenter size-full wp-image-360\" title=\"Heidenheim Aufbruch\" src=\"https:\/\/www.ufftour.de\/wp-content\/uploads\/2008\/08\/img_4156.jpg\" alt=\"\" width=\"500\" height=\"333\" srcset=\"https:\/\/www.ufftour.de\/wp-content\/uploads\/2008\/08\/img_4156.jpg 500w, https:\/\/www.ufftour.de\/wp-content\/uploads\/2008\/08\/img_4156-300x199.jpg 300w\" sizes=\"auto, (max-width: 500px) 100vw, 500px\" \/><\/a><\/p>\n<p style=\"text-align: center;\"><em>Aufbruch in Friedrichsthal. Markus, Heike und Katharina fuhren nach dem Treffen mit dem Toyo nach Rum\u00e4nien, Stefan und Juliane mussten wieder heim...<\/em><\/p>\n<p><img loading=\"lazy\" decoding=\"async\" class=\"aligncenter size-full wp-image-361\" title=\"Festgelage\" src=\"https:\/\/www.ufftour.de\/wp-content\/uploads\/2008\/08\/img_4158.jpg\" alt=\"\" width=\"500\" height=\"333\" srcset=\"https:\/\/www.ufftour.de\/wp-content\/uploads\/2008\/08\/img_4158.jpg 500w, https:\/\/www.ufftour.de\/wp-content\/uploads\/2008\/08\/img_4158-300x199.jpg 300w\" sizes=\"auto, (max-width: 500px) 100vw, 500px\" \/><\/p>\n<p style=\"text-align: center;\"><em>Wie immer lassen wir es uns gut gehen.<\/em><\/p>\n<p><img loading=\"lazy\" decoding=\"async\" class=\"aligncenter size-full wp-image-362\" title=\"Lagerfeuer\" src=\"https:\/\/www.ufftour.de\/wp-content\/uploads\/2008\/08\/img_4182.jpg\" alt=\"\" width=\"500\" height=\"333\" srcset=\"https:\/\/www.ufftour.de\/wp-content\/uploads\/2008\/08\/img_4182.jpg 500w, https:\/\/www.ufftour.de\/wp-content\/uploads\/2008\/08\/img_4182-300x199.jpg 300w\" sizes=\"auto, (max-width: 500px) 100vw, 500px\" \/><\/p>\n<p style=\"text-align: center;\"><em>Der besondere Flair des Treffens: Das gemeinsame Lagerfeuer am Abend.<\/em><\/p>\n<p><a href=\"https:\/\/www.ufftour.de\/wp-content\/uploads\/2008\/08\/img_4190.jpg\"><img loading=\"lazy\" decoding=\"async\" class=\"aligncenter size-full wp-image-363\" title=\"Verlosung\" src=\"https:\/\/www.ufftour.de\/wp-content\/uploads\/2008\/08\/img_4190.jpg\" alt=\"\" width=\"500\" height=\"333\" srcset=\"https:\/\/www.ufftour.de\/wp-content\/uploads\/2008\/08\/img_4190.jpg 500w, https:\/\/www.ufftour.de\/wp-content\/uploads\/2008\/08\/img_4190-300x199.jpg 300w\" sizes=\"auto, (max-width: 500px) 100vw, 500px\" \/><\/a><\/p>\n<p style=\"text-align: center;\"><em>Im Schein des Lagerfeuers f\u00fchrt der Organisator Frank dann die obligatorische Verlosung durch.<\/em><\/p>\n","protected":false},"excerpt":{"rendered":"<p>Am letzten Juni-Wochenende waren wir auf dem Heidenheimer Weltenbummler-Treffen. F\u00fcr Heike, Markus und Katharina lag das Treffen auf dem Hinweg der diesj\u00e4hrigen Tour, ging es doch von Heidenheim aus direkt in die rum\u00e4nischen Karpaten. Juliane und Stefan mussten leider nach dem Treffen wieder Richtung Heimat und arbeiten. Ein fast schon famili\u00e4res Treffen in angenehmer Umgebung. <a href=\"https:\/\/www.ufftour.de\/?p=359\" class=\"more-link\">...weiterlesen<span class=\"screen-reader-text\"> \"11. Heidenheimer Weltenbummler-Treffen 2008\"<\/span><\/a><\/p>\n","protected":false},"author":1,"featured_media":0,"comment_status":"open","ping_status":"open","sticky":false,"template":"","format":"standard","meta":{"footnotes":""},"categories":[21,4],"tags":[],"class_list":{"0":"post-359","1":"post","2":"type-post","3":"status-publish","4":"format-standard","6":"category-kurztrips","7":"category-treffen","8":"h-entry","9":"hentry","10":"h-as-article"},"_links":{"self":[{"href":"https:\/\/www.ufftour.de\/index.php?rest_route=\/wp\/v2\/posts\/359","targetHints":{"allow":["GET"]}}],"collection":[{"href":"https:\/\/www.ufftour.de\/index.php?rest_route=\/wp\/v2\/posts"}],"about":[{"href":"https:\/\/www.ufftour.de\/index.php?rest_route=\/wp\/v2\/types\/post"}],"author":[{"embeddable":true,"href":"https:\/\/www.ufftour.de\/index.php?rest_route=\/wp\/v2\/users\/1"}],"replies":[{"embeddable":true,"href":"https:\/\/www.ufftour.de\/index.php?rest_route=%2Fwp%2Fv2%2Fcomments&post=359"}],"version-history":[{"count":1,"href":"https:\/\/www.ufftour.de\/index.php?rest_route=\/wp\/v2\/posts\/359\/revisions"}],"predecessor-version":[{"id":1838,"href":"https:\/\/www.ufftour.de\/index.php?rest_route=\/wp\/v2\/posts\/359\/revisions\/1838"}],"wp:attachment":[{"href":"https:\/\/www.ufftour.de\/index.php?rest_route=%2Fwp%2Fv2%2Fmedia&parent=359"}],"wp:term":[{"taxonomy":"category","embeddable":true,"href":"https:\/\/www.ufftour.de\/index.php?rest_route=%2Fwp%2Fv2%2Fcategories&post=359"},{"taxonomy":"post_tag","embeddable":true,"href":"https:\/\/www.ufftour.de\/index.php?rest_route=%2Fwp%2Fv2%2Ftags&post=359"}],"curies":[{"name":"wp","href":"https:\/\/api.w.org\/{rel}","templated":true}]}}