{"id":142,"date":"2006-08-20T14:08:55","date_gmt":"2006-08-20T12:08:55","guid":{"rendered":"http:\/\/www.ufftour.de\/?p=142"},"modified":"2020-03-29T20:39:39","modified_gmt":"2020-03-29T18:39:39","slug":"nord-griechenland-tour-2006","status":"publish","type":"post","link":"https:\/\/www.ufftour.de\/?p=142","title":{"rendered":"Nord-Griechenland 2006"},"content":{"rendered":"<p>geschrieben von Markus<\/p>\n<p>Str\u00e4nde, wei\u00dfe H\u00e4user und altert\u00fcmliche Skulpturen. Das sind Bilder, mit denen man Griechenland in Verbindung bringt. <strong>Doch der Norden Griechenlands ist v\u00f6llig anders.<\/strong> Also vergessen wir die Klischees und tauchen ein in ein wunderbare Naturlandschaft.<\/p>\n<p><a href=\"https:\/\/www.ufftour.de\/wp-content\/uploads\/2008\/04\/img_3941.jpg\"><img loading=\"lazy\" decoding=\"async\" class=\"alignnone size-full wp-image-261\" title=\"img_3941\" src=\"https:\/\/www.ufftour.de\/wp-content\/uploads\/2008\/04\/img_3941.jpg\" alt=\"\" width=\"500\" height=\"333\" srcset=\"https:\/\/www.ufftour.de\/wp-content\/uploads\/2008\/04\/img_3941.jpg 500w, https:\/\/www.ufftour.de\/wp-content\/uploads\/2008\/04\/img_3941-300x199.jpg 300w\" sizes=\"auto, (max-width: 500px) 100vw, 500px\" \/><\/a><\/p>\n<p><!--more--><\/p>\n<p>Die Anreise f\u00fchrt uns durch die Schweiz nach Italien, wo wir von Ancona aus mit der F\u00e4hre nach Igoumenitsa \u00fcbersetzen. Das Parken auf dem Campingdeck ist Millimeter-Arbeit, doch schlimmer ist die unertr\u00e4gliche Hitze, die uns nachts kaum schlafen l\u00e4sst.<\/p>\n<p><a href=\"https:\/\/www.ufftour.de\/wp-content\/uploads\/2008\/04\/img_3283.jpg\"><img loading=\"lazy\" decoding=\"async\" class=\"aligncenter size-full wp-image-223\" title=\"img_3283\" src=\"https:\/\/www.ufftour.de\/wp-content\/uploads\/2008\/04\/img_3283.jpg\" alt=\"\" width=\"500\" height=\"333\" srcset=\"https:\/\/www.ufftour.de\/wp-content\/uploads\/2008\/04\/img_3283.jpg 500w, https:\/\/www.ufftour.de\/wp-content\/uploads\/2008\/04\/img_3283-300x199.jpg 300w\" sizes=\"auto, (max-width: 500px) 100vw, 500px\" \/><\/a><\/p>\n<p><a href=\"https:\/\/www.ufftour.de\/wp-content\/uploads\/2008\/04\/img_3269.jpg\"><img loading=\"lazy\" decoding=\"async\" class=\"aligncenter size-full wp-image-222\" title=\"img_3269\" src=\"https:\/\/www.ufftour.de\/wp-content\/uploads\/2008\/04\/img_3269.jpg\" alt=\"\" width=\"500\" height=\"333\" srcset=\"https:\/\/www.ufftour.de\/wp-content\/uploads\/2008\/04\/img_3269.jpg 500w, https:\/\/www.ufftour.de\/wp-content\/uploads\/2008\/04\/img_3269-300x199.jpg 300w\" sizes=\"auto, (max-width: 500px) 100vw, 500px\" \/><\/a><\/p>\n<p><em>Nach Osten geht die Fahrt. Die Sonne versinkt im Westen.<\/em><\/p>\n<p>Am fr\u00fchen Morgen erreichen wir die griechische K\u00fcste. Wir lassen Igoumenitsa schnell hinter uns und suchen uns kleine Nebenstrassen, um das Land zu erkunden.<\/p>\n<p><a href=\"https:\/\/www.ufftour.de\/wp-content\/uploads\/2008\/04\/img_3306.jpg\"><img loading=\"lazy\" decoding=\"async\" class=\"aligncenter size-full wp-image-225\" title=\"img_3306\" src=\"https:\/\/www.ufftour.de\/wp-content\/uploads\/2008\/04\/img_3306.jpg\" alt=\"\" width=\"500\" height=\"333\" srcset=\"https:\/\/www.ufftour.de\/wp-content\/uploads\/2008\/04\/img_3306.jpg 500w, https:\/\/www.ufftour.de\/wp-content\/uploads\/2008\/04\/img_3306-300x199.jpg 300w\" sizes=\"auto, (max-width: 500px) 100vw, 500px\" \/><\/a><\/p>\n<p>Schon nach kurzer Zeit sehen wir die ersten Schildkr\u00f6ten. Beim ersten Mal sind wir aufgeregt, doch schon bald merken wir, dass Schildkr\u00f6ten in Nord-Griechenland zum Alltag geh\u00f6ren. Alle paar Minuten ist Schildkr\u00f6ten-Alarm. Sobald Katharina eine Schildkr\u00f6te auf dem Weg entdeckt, halten wir an und Katharina setzt das Tier neben die Strasse.<\/p>\n<p><a href=\"https:\/\/www.ufftour.de\/wp-content\/uploads\/2008\/04\/img_3290.jpg\"><img loading=\"lazy\" decoding=\"async\" class=\"aligncenter size-full wp-image-224\" title=\"img_3290\" src=\"https:\/\/www.ufftour.de\/wp-content\/uploads\/2008\/04\/img_3290.jpg\" alt=\"\" width=\"500\" height=\"333\" srcset=\"https:\/\/www.ufftour.de\/wp-content\/uploads\/2008\/04\/img_3290.jpg 500w, https:\/\/www.ufftour.de\/wp-content\/uploads\/2008\/04\/img_3290-300x199.jpg 300w\" sizes=\"auto, (max-width: 500px) 100vw, 500px\" \/><\/a><\/p>\n<p><!--nextpage--><\/p>\n<p><a href=\"https:\/\/www.ufftour.de\/wp-content\/uploads\/2008\/04\/img_3327.jpg\"><img loading=\"lazy\" decoding=\"async\" class=\"aligncenter size-full wp-image-226\" title=\"img_3327\" src=\"https:\/\/www.ufftour.de\/wp-content\/uploads\/2008\/04\/img_3327.jpg\" alt=\"\" width=\"500\" height=\"333\" srcset=\"https:\/\/www.ufftour.de\/wp-content\/uploads\/2008\/04\/img_3327.jpg 500w, https:\/\/www.ufftour.de\/wp-content\/uploads\/2008\/04\/img_3327-300x199.jpg 300w\" sizes=\"auto, (max-width: 500px) 100vw, 500px\" \/><\/a><\/p>\n<p>Schwierig bis unm\u00f6glich ist das Lesen von Stra\u00dfenschildern.<\/p>\n<p>Abseits der Strassen tauchen wir ein in eine wunderbare Naturlandschaft.<\/p>\n<p><a href=\"https:\/\/www.ufftour.de\/wp-content\/uploads\/2008\/04\/img_3344.jpg\"><img loading=\"lazy\" decoding=\"async\" class=\"aligncenter size-full wp-image-228\" title=\"img_3344\" src=\"https:\/\/www.ufftour.de\/wp-content\/uploads\/2008\/04\/img_3344.jpg\" alt=\"\" width=\"500\" height=\"333\" srcset=\"https:\/\/www.ufftour.de\/wp-content\/uploads\/2008\/04\/img_3344.jpg 500w, https:\/\/www.ufftour.de\/wp-content\/uploads\/2008\/04\/img_3344-300x199.jpg 300w\" sizes=\"auto, (max-width: 500px) 100vw, 500px\" \/><\/a><\/p>\n<p><a href=\"https:\/\/www.ufftour.de\/wp-content\/uploads\/2008\/04\/img_3341.jpg\"><img loading=\"lazy\" decoding=\"async\" class=\"aligncenter size-full wp-image-227\" title=\"img_3341\" src=\"https:\/\/www.ufftour.de\/wp-content\/uploads\/2008\/04\/img_3341.jpg\" alt=\"\" width=\"500\" height=\"333\" srcset=\"https:\/\/www.ufftour.de\/wp-content\/uploads\/2008\/04\/img_3341.jpg 500w, https:\/\/www.ufftour.de\/wp-content\/uploads\/2008\/04\/img_3341-300x199.jpg 300w\" sizes=\"auto, (max-width: 500px) 100vw, 500px\" \/><\/a><\/p>\n<p>Zeit f\u00fcr das erste Nachtlager.<\/p>\n<p><!--nextpage--><\/p>\n<p>Am n\u00e4chsten Tag fahren wir weiter Richtung Norden. Erstes Ziel ist das Pindos-Gebirge mit den Zagori-D\u00f6rfern und der Viskos-Schlucht. Zagoria  ist slawisch und bedeutet: \"Das Land hinter den Bergen\".<\/p>\n<p><a href=\"https:\/\/www.ufftour.de\/wp-content\/uploads\/2008\/04\/img_3363.jpg\"><img loading=\"lazy\" decoding=\"async\" class=\"aligncenter size-full wp-image-229\" title=\"img_3363\" src=\"https:\/\/www.ufftour.de\/wp-content\/uploads\/2008\/04\/img_3363.jpg\" alt=\"\" width=\"500\" height=\"333\" srcset=\"https:\/\/www.ufftour.de\/wp-content\/uploads\/2008\/04\/img_3363.jpg 500w, https:\/\/www.ufftour.de\/wp-content\/uploads\/2008\/04\/img_3363-300x199.jpg 300w\" sizes=\"auto, (max-width: 500px) 100vw, 500px\" \/><\/a><\/p>\n<p>Zun\u00e4chst wandern wir zu einer Aussichtskanzel von welcher man einen Teil der Viskos-Schlucht - laut Guiness-Buch die tiefste Schlucht der Welt - \u00fcberblicken kann.<\/p>\n<p><a href=\"https:\/\/www.ufftour.de\/wp-content\/uploads\/2008\/04\/img_3393.jpg\"><img loading=\"lazy\" decoding=\"async\" class=\"aligncenter size-full wp-image-230\" title=\"img_3393\" src=\"https:\/\/www.ufftour.de\/wp-content\/uploads\/2008\/04\/img_3393.jpg\" alt=\"\" width=\"333\" height=\"500\" srcset=\"https:\/\/www.ufftour.de\/wp-content\/uploads\/2008\/04\/img_3393.jpg 333w, https:\/\/www.ufftour.de\/wp-content\/uploads\/2008\/04\/img_3393-199x300.jpg 199w\" sizes=\"auto, (max-width: 333px) 100vw, 333px\" \/><\/a><\/p>\n<p>Das Gebiet \"Zagoria\" umfasst 46 Zagori-D\u00f6rfer, die um das Jahr 1400 angelegt wurden, als viele Griechen vor den T\u00fcrken fliehen mussten. 44 dieser D\u00f6rfer sind noch bewohnt. Die H\u00e4user sind aus Steinen der Umgebung gebaut. In der Regel gibt es in den D\u00f6rfern keine Strassen, sondern nur Eselspfade. Die Zeit scheint stehengeblieben zu sein.<\/p>\n<p><a href=\"https:\/\/www.ufftour.de\/wp-content\/uploads\/2008\/04\/img_3409.jpg\"><img loading=\"lazy\" decoding=\"async\" class=\"aligncenter size-full wp-image-231\" title=\"img_3409\" src=\"https:\/\/www.ufftour.de\/wp-content\/uploads\/2008\/04\/img_3409.jpg\" alt=\"\" width=\"500\" height=\"333\" srcset=\"https:\/\/www.ufftour.de\/wp-content\/uploads\/2008\/04\/img_3409.jpg 500w, https:\/\/www.ufftour.de\/wp-content\/uploads\/2008\/04\/img_3409-300x199.jpg 300w\" sizes=\"auto, (max-width: 500px) 100vw, 500px\" \/><\/a><\/p>\n<p><a href=\"https:\/\/www.ufftour.de\/wp-content\/uploads\/2008\/04\/img_3410.jpg\"><img loading=\"lazy\" decoding=\"async\" class=\"aligncenter size-full wp-image-232\" title=\"img_3410\" src=\"https:\/\/www.ufftour.de\/wp-content\/uploads\/2008\/04\/img_3410.jpg\" alt=\"\" width=\"500\" height=\"333\" srcset=\"https:\/\/www.ufftour.de\/wp-content\/uploads\/2008\/04\/img_3410.jpg 500w, https:\/\/www.ufftour.de\/wp-content\/uploads\/2008\/04\/img_3410-300x199.jpg 300w\" sizes=\"auto, (max-width: 500px) 100vw, 500px\" \/><\/a><\/p>\n<p><!--nextpage--><\/p>\n<p>Am Rande der Viskos-Schlucht besuchen wir das ehemalige Kloster \"Agia Paraskevi\".<\/p>\n<p><a href=\"https:\/\/www.ufftour.de\/wp-content\/uploads\/2008\/04\/img_3427.jpg\"><img loading=\"lazy\" decoding=\"async\" class=\"aligncenter size-full wp-image-233\" title=\"img_3427\" src=\"https:\/\/www.ufftour.de\/wp-content\/uploads\/2008\/04\/img_3427.jpg\" alt=\"\" width=\"500\" height=\"333\" srcset=\"https:\/\/www.ufftour.de\/wp-content\/uploads\/2008\/04\/img_3427.jpg 500w, https:\/\/www.ufftour.de\/wp-content\/uploads\/2008\/04\/img_3427-300x199.jpg 300w\" sizes=\"auto, (max-width: 500px) 100vw, 500px\" \/><\/a><\/p>\n<p>Oberhalb des Klosters, in kleinen H\u00f6hlen in der senkrechten Felswand, lebten einst Einsiedler. \u00dcber einen schmalen Weg, kann man einige dieser H\u00f6hlen zu Fu\u00df erreichen. Man sollte allerdings schwindelfrei sein, geht es doch unmittelbar neben dem Weg mehrere hundert Meter senkrecht hinab.<\/p>\n<p><a href=\"https:\/\/www.ufftour.de\/wp-content\/uploads\/2008\/04\/img_3431.jpg\"><img loading=\"lazy\" decoding=\"async\" class=\"aligncenter size-full wp-image-234\" title=\"img_3431\" src=\"https:\/\/www.ufftour.de\/wp-content\/uploads\/2008\/04\/img_3431.jpg\" alt=\"\" width=\"500\" height=\"333\" srcset=\"https:\/\/www.ufftour.de\/wp-content\/uploads\/2008\/04\/img_3431.jpg 500w, https:\/\/www.ufftour.de\/wp-content\/uploads\/2008\/04\/img_3431-300x199.jpg 300w\" sizes=\"auto, (max-width: 500px) 100vw, 500px\" \/><\/a><\/p>\n<p><a href=\"https:\/\/www.ufftour.de\/wp-content\/uploads\/2008\/04\/img_3450.jpg\"><img loading=\"lazy\" decoding=\"async\" class=\"aligncenter size-full wp-image-236\" title=\"img_3450\" src=\"https:\/\/www.ufftour.de\/wp-content\/uploads\/2008\/04\/img_3450.jpg\" alt=\"\" width=\"500\" height=\"333\" srcset=\"https:\/\/www.ufftour.de\/wp-content\/uploads\/2008\/04\/img_3450.jpg 500w, https:\/\/www.ufftour.de\/wp-content\/uploads\/2008\/04\/img_3450-300x199.jpg 300w\" sizes=\"auto, (max-width: 500px) 100vw, 500px\" \/><\/a><\/p>\n<p><a href=\"https:\/\/www.ufftour.de\/wp-content\/uploads\/2008\/04\/img_3454.jpg\"><img loading=\"lazy\" decoding=\"async\" class=\"aligncenter size-full wp-image-237\" title=\"img_3454\" src=\"https:\/\/www.ufftour.de\/wp-content\/uploads\/2008\/04\/img_3454.jpg\" alt=\"\" width=\"500\" height=\"333\" srcset=\"https:\/\/www.ufftour.de\/wp-content\/uploads\/2008\/04\/img_3454.jpg 500w, https:\/\/www.ufftour.de\/wp-content\/uploads\/2008\/04\/img_3454-300x199.jpg 300w\" sizes=\"auto, (max-width: 500px) 100vw, 500px\" \/><\/a><\/p>\n<p><a href=\"https:\/\/www.ufftour.de\/wp-content\/uploads\/2008\/04\/img_3440.jpg\"><img loading=\"lazy\" decoding=\"async\" class=\"aligncenter size-full wp-image-235\" title=\"img_3440\" src=\"https:\/\/www.ufftour.de\/wp-content\/uploads\/2008\/04\/img_3440.jpg\" alt=\"\" width=\"500\" height=\"333\" srcset=\"https:\/\/www.ufftour.de\/wp-content\/uploads\/2008\/04\/img_3440.jpg 500w, https:\/\/www.ufftour.de\/wp-content\/uploads\/2008\/04\/img_3440-300x199.jpg 300w\" sizes=\"auto, (max-width: 500px) 100vw, 500px\" \/><\/a><\/p>\n<p><em>In solchen Felsnischen lebten Einsiedler \u00fcber viele Jahre. Beeindruckt halten wir inne.<\/em><\/p>\n<p><!--nextpage--><\/p>\n<p>Am n\u00e4chsten Morgen steigen wir in die Viskos-Schlucht hinab.<\/p>\n<p><a href=\"https:\/\/www.ufftour.de\/wp-content\/uploads\/2008\/04\/img_3479.jpg\"><img loading=\"lazy\" decoding=\"async\" class=\"aligncenter size-full wp-image-238\" title=\"img_3479\" src=\"https:\/\/www.ufftour.de\/wp-content\/uploads\/2008\/04\/img_3479.jpg\" alt=\"\" width=\"500\" height=\"333\" srcset=\"https:\/\/www.ufftour.de\/wp-content\/uploads\/2008\/04\/img_3479.jpg 500w, https:\/\/www.ufftour.de\/wp-content\/uploads\/2008\/04\/img_3479-300x199.jpg 300w\" sizes=\"auto, (max-width: 500px) 100vw, 500px\" \/><\/a><\/p>\n<p><a href=\"https:\/\/www.ufftour.de\/wp-content\/uploads\/2008\/04\/img_3480.jpg\"><img loading=\"lazy\" decoding=\"async\" class=\"aligncenter size-full wp-image-239\" title=\"img_3480\" src=\"https:\/\/www.ufftour.de\/wp-content\/uploads\/2008\/04\/img_3480.jpg\" alt=\"\" width=\"500\" height=\"333\" srcset=\"https:\/\/www.ufftour.de\/wp-content\/uploads\/2008\/04\/img_3480.jpg 500w, https:\/\/www.ufftour.de\/wp-content\/uploads\/2008\/04\/img_3480-300x199.jpg 300w\" sizes=\"auto, (max-width: 500px) 100vw, 500px\" \/><\/a><\/p>\n<p>Im Sommer f\u00e4llt ein gro\u00dfer Teil des Viskos-Flusses trocken. Wir machen uns auf die Suche nach der aktuellen Quelle.<\/p>\n<p><a href=\"https:\/\/www.ufftour.de\/wp-content\/uploads\/2008\/04\/img_3497.jpg\"><img loading=\"lazy\" decoding=\"async\" class=\"aligncenter size-full wp-image-241\" title=\"img_3497\" src=\"https:\/\/www.ufftour.de\/wp-content\/uploads\/2008\/04\/img_3497.jpg\" alt=\"\" width=\"500\" height=\"333\" srcset=\"https:\/\/www.ufftour.de\/wp-content\/uploads\/2008\/04\/img_3497.jpg 500w, https:\/\/www.ufftour.de\/wp-content\/uploads\/2008\/04\/img_3497-300x199.jpg 300w\" sizes=\"auto, (max-width: 500px) 100vw, 500px\" \/><\/a><br \/>\n<em> An dieser Stelle tritt das Wasser aus dem Gestein. Obwohl das Wasser eiskalt ist, lassen wir uns ein erfrischendes Bad nicht entgehen.<\/em><\/p>\n<p>Auch hier k\u00f6nnen wir wieder viele Tiere beobachten.<\/p>\n<p><a href=\"https:\/\/www.ufftour.de\/wp-content\/uploads\/2008\/04\/img_3508.jpg\"><img loading=\"lazy\" decoding=\"async\" class=\"aligncenter size-full wp-image-242\" title=\"img_3508\" src=\"https:\/\/www.ufftour.de\/wp-content\/uploads\/2008\/04\/img_3508.jpg\" alt=\"\" width=\"500\" height=\"333\" srcset=\"https:\/\/www.ufftour.de\/wp-content\/uploads\/2008\/04\/img_3508.jpg 500w, https:\/\/www.ufftour.de\/wp-content\/uploads\/2008\/04\/img_3508-300x199.jpg 300w\" sizes=\"auto, (max-width: 500px) 100vw, 500px\" \/><\/a><\/p>\n<p><a href=\"https:\/\/www.ufftour.de\/wp-content\/uploads\/2008\/04\/img_3494.jpg\"><img loading=\"lazy\" decoding=\"async\" class=\"aligncenter size-full wp-image-240\" title=\"img_3494\" src=\"https:\/\/www.ufftour.de\/wp-content\/uploads\/2008\/04\/img_3494.jpg\" alt=\"\" width=\"500\" height=\"333\" srcset=\"https:\/\/www.ufftour.de\/wp-content\/uploads\/2008\/04\/img_3494.jpg 500w, https:\/\/www.ufftour.de\/wp-content\/uploads\/2008\/04\/img_3494-300x199.jpg 300w\" sizes=\"auto, (max-width: 500px) 100vw, 500px\" \/><\/a><\/p>\n<p><em>In diesem Fall eine Gelbbauch-Unke.<\/em><\/p>\n<p>Wieder oben angekommen, rasten wir an einem Heiligenh\u00e4uschen. Von diesen H\u00e4uschen haben wir schon hunderte gesehen. \u00dcberall an den Strassen und Wegen trifft man auf diese Glaubenszeichen - in allen Gr\u00f6\u00dfen und Bauformen.<\/p>\n<p><a href=\"https:\/\/www.ufftour.de\/wp-content\/uploads\/2008\/04\/img_3518.jpg\"><img loading=\"lazy\" decoding=\"async\" class=\"aligncenter size-full wp-image-243\" title=\"img_3518\" src=\"https:\/\/www.ufftour.de\/wp-content\/uploads\/2008\/04\/img_3518.jpg\" alt=\"\" width=\"500\" height=\"333\" srcset=\"https:\/\/www.ufftour.de\/wp-content\/uploads\/2008\/04\/img_3518.jpg 500w, https:\/\/www.ufftour.de\/wp-content\/uploads\/2008\/04\/img_3518-300x199.jpg 300w\" sizes=\"auto, (max-width: 500px) 100vw, 500px\" \/><\/a><\/p>\n<p>Der Bedarf an solchen H\u00e4uschen ist so gro\u00df, dass man sie in Baum\u00e4rkten fertig kaufen kann...<\/p>\n<p><!--nextpage--><\/p>\n<p>Wir setzen unsere Fahrt nordw\u00e4rts fort. N\u00e4chstes Ziel ist Kastoria.<br \/>\nDie Stadt Kastoria, am Ufer des Orestiko-See gelegen, ist das europ\u00e4ische Zentrum der Pelzverarbeitung. Das K\u00fcrschnerhandwerk und der Handel mit den entsprechenden Produkten stellen die wichtigste Einnahmequelle f\u00fcr die Bewohner Kastorias dar.<\/p>\n<p><a href=\"https:\/\/www.ufftour.de\/wp-content\/uploads\/2008\/04\/img_3534.jpg\"><img loading=\"lazy\" decoding=\"async\" class=\"aligncenter size-full wp-image-244\" title=\"img_3534\" src=\"https:\/\/www.ufftour.de\/wp-content\/uploads\/2008\/04\/img_3534.jpg\" alt=\"\" width=\"500\" height=\"333\" srcset=\"https:\/\/www.ufftour.de\/wp-content\/uploads\/2008\/04\/img_3534.jpg 500w, https:\/\/www.ufftour.de\/wp-content\/uploads\/2008\/04\/img_3534-300x199.jpg 300w\" sizes=\"auto, (max-width: 500px) 100vw, 500px\" \/><\/a><br \/>\nViele Pelzgesch\u00e4ften laden zum Shoppen ein und am Seeufer gilt \"sehen und gesehen werden\".<\/p>\n<p>Angenehm \u00fcberrascht sind wir vom See selbst. In unseren Reiseunterlagen wird dieser als \"totes Gew\u00e4sser\" bezeichnet, aufgrund der vielen Gerb-Chemikalien, die bei der Verarbeitung der Pelze eingesetzt werden und in den See geleitet w\u00fcrden. Mag sein, dass dies in der Vergangenheit so war. Wir finden einen See, der offensichtlich in erstklassigem Zustand ist. Bev\u00f6lkert von vielen Tieren und einem Fischer, der das Netz einholt.<\/p>\n<p><a href=\"https:\/\/www.ufftour.de\/wp-content\/uploads\/2008\/04\/img_3536.jpg\"><img loading=\"lazy\" decoding=\"async\" class=\"aligncenter size-full wp-image-245\" title=\"img_3536\" src=\"https:\/\/www.ufftour.de\/wp-content\/uploads\/2008\/04\/img_3536.jpg\" alt=\"\" width=\"500\" height=\"333\" srcset=\"https:\/\/www.ufftour.de\/wp-content\/uploads\/2008\/04\/img_3536.jpg 500w, https:\/\/www.ufftour.de\/wp-content\/uploads\/2008\/04\/img_3536-300x199.jpg 300w\" sizes=\"auto, (max-width: 500px) 100vw, 500px\" \/><\/a><\/p>\n<p>Wir setzen unsere Fahrt fort und rasten an einem Feuchtbiotop, dass das Herz eines Naturfreundes h\u00f6her schlagen l\u00e4sst.<\/p>\n<p><a href=\"https:\/\/www.ufftour.de\/wp-content\/uploads\/2008\/04\/img_3558.jpg\"><img loading=\"lazy\" decoding=\"async\" class=\"aligncenter size-full wp-image-247\" title=\"img_3558\" src=\"https:\/\/www.ufftour.de\/wp-content\/uploads\/2008\/04\/img_3558.jpg\" alt=\"\" width=\"500\" height=\"333\" srcset=\"https:\/\/www.ufftour.de\/wp-content\/uploads\/2008\/04\/img_3558.jpg 500w, https:\/\/www.ufftour.de\/wp-content\/uploads\/2008\/04\/img_3558-300x199.jpg 300w\" sizes=\"auto, (max-width: 500px) 100vw, 500px\" \/><\/a><\/p>\n<p><a href=\"https:\/\/www.ufftour.de\/wp-content\/uploads\/2008\/04\/img_3548.jpg\"><img loading=\"lazy\" decoding=\"async\" class=\"aligncenter size-full wp-image-246\" title=\"img_3548\" src=\"https:\/\/www.ufftour.de\/wp-content\/uploads\/2008\/04\/img_3548.jpg\" alt=\"\" width=\"500\" height=\"333\" srcset=\"https:\/\/www.ufftour.de\/wp-content\/uploads\/2008\/04\/img_3548.jpg 500w, https:\/\/www.ufftour.de\/wp-content\/uploads\/2008\/04\/img_3548-300x199.jpg 300w\" sizes=\"auto, (max-width: 500px) 100vw, 500px\" \/><\/a><em><\/em><\/p>\n<p><em>Eine W\u00fcrfelnatter wird zum Fotomodell, darf dann aber wieder das Weite suchen.<\/em><\/p>\n<p><!--nextpage--><\/p>\n<p>Ganz im Norden, im Dreil\u00e4nder-Eck zwischen Griechenland, Albanien und Mazedonien, liegen die Prespa-Seen, ein Naturschutzpark. Wir suchen den Parkw\u00e4chter auf und erhalten die Erlaubnis, direkt am Ufer des gro\u00dfen Prespa-Sees zu \u00fcbernachten.<\/p>\n<p><a href=\"https:\/\/www.ufftour.de\/wp-content\/uploads\/2008\/04\/img_3577.jpg\"><img loading=\"lazy\" decoding=\"async\" class=\"aligncenter size-full wp-image-248\" title=\"img_3577\" src=\"https:\/\/www.ufftour.de\/wp-content\/uploads\/2008\/04\/img_3577.jpg\" alt=\"\" width=\"500\" height=\"333\" srcset=\"https:\/\/www.ufftour.de\/wp-content\/uploads\/2008\/04\/img_3577.jpg 500w, https:\/\/www.ufftour.de\/wp-content\/uploads\/2008\/04\/img_3577-300x199.jpg 300w\" sizes=\"auto, (max-width: 500px) 100vw, 500px\" \/><\/a><br \/>\n<em> Hier kann man es aushalten.<\/em><\/p>\n<p>Die Prespa-Seen sind, wie viele andere Seen in Griechenland, Rast- und \u00dcberwinterungspl\u00e4tze f\u00fcr viele Zugv\u00f6gel aus Nordeuropa. Aber auch im Sommer sind hier viele V\u00f6gel heimisch: z. B. Albatrosse, Pelikane und St\u00f6rche.<\/p>\n<p><a href=\"https:\/\/www.ufftour.de\/wp-content\/uploads\/2008\/04\/img_3610.jpg\"><img loading=\"lazy\" decoding=\"async\" class=\"aligncenter size-full wp-image-250\" title=\"img_3610\" src=\"https:\/\/www.ufftour.de\/wp-content\/uploads\/2008\/04\/img_3610.jpg\" alt=\"\" width=\"500\" height=\"333\" srcset=\"https:\/\/www.ufftour.de\/wp-content\/uploads\/2008\/04\/img_3610.jpg 500w, https:\/\/www.ufftour.de\/wp-content\/uploads\/2008\/04\/img_3610-300x199.jpg 300w\" sizes=\"auto, (max-width: 500px) 100vw, 500px\" \/><\/a><\/p>\n<p><a href=\"https:\/\/www.ufftour.de\/wp-content\/uploads\/2008\/04\/img_3732.jpg\"><img loading=\"lazy\" decoding=\"async\" class=\"aligncenter size-full wp-image-256\" title=\"img_3732\" src=\"https:\/\/www.ufftour.de\/wp-content\/uploads\/2008\/04\/img_3732.jpg\" alt=\"\" width=\"500\" height=\"333\" srcset=\"https:\/\/www.ufftour.de\/wp-content\/uploads\/2008\/04\/img_3732.jpg 500w, https:\/\/www.ufftour.de\/wp-content\/uploads\/2008\/04\/img_3732-300x199.jpg 300w\" sizes=\"auto, (max-width: 500px) 100vw, 500px\" \/><\/a><\/p>\n<p><a href=\"https:\/\/www.ufftour.de\/wp-content\/uploads\/2008\/04\/img_3686.jpg\"><img loading=\"lazy\" decoding=\"async\" class=\"aligncenter size-full wp-image-254\" title=\"img_3686\" src=\"https:\/\/www.ufftour.de\/wp-content\/uploads\/2008\/04\/img_3686.jpg\" alt=\"\" width=\"500\" height=\"333\" srcset=\"https:\/\/www.ufftour.de\/wp-content\/uploads\/2008\/04\/img_3686.jpg 500w, https:\/\/www.ufftour.de\/wp-content\/uploads\/2008\/04\/img_3686-300x199.jpg 300w\" sizes=\"auto, (max-width: 500px) 100vw, 500px\" \/><\/a><\/p>\n<p>Mit uns und der Welt zufrieden, geniesen wir die Abendstimmung in absoluter Ruhe...<\/p>\n<p><a href=\"https:\/\/www.ufftour.de\/wp-content\/uploads\/2008\/04\/img_3675.jpg\"><img loading=\"lazy\" decoding=\"async\" class=\"aligncenter size-full wp-image-253\" title=\"img_3675\" src=\"https:\/\/www.ufftour.de\/wp-content\/uploads\/2008\/04\/img_3675.jpg\" alt=\"\" width=\"500\" height=\"333\" srcset=\"https:\/\/www.ufftour.de\/wp-content\/uploads\/2008\/04\/img_3675.jpg 500w, https:\/\/www.ufftour.de\/wp-content\/uploads\/2008\/04\/img_3675-300x199.jpg 300w\" sizes=\"auto, (max-width: 500px) 100vw, 500px\" \/><\/a><\/p>\n<p>... bis wir am n\u00e4chsten Morgen durch ein lautes Motorenger\u00e4usch gest\u00f6rt werden.<\/p>\n<p><a href=\"https:\/\/www.ufftour.de\/wp-content\/uploads\/2008\/04\/img_3601.jpg\"><img loading=\"lazy\" decoding=\"async\" class=\"aligncenter size-full wp-image-249\" title=\"img_3601\" src=\"https:\/\/www.ufftour.de\/wp-content\/uploads\/2008\/04\/img_3601.jpg\" alt=\"\" width=\"500\" height=\"333\" srcset=\"https:\/\/www.ufftour.de\/wp-content\/uploads\/2008\/04\/img_3601.jpg 500w, https:\/\/www.ufftour.de\/wp-content\/uploads\/2008\/04\/img_3601-300x199.jpg 300w\" sizes=\"auto, (max-width: 500px) 100vw, 500px\" \/><\/a><\/p>\n<p>Die Ursache ist schnell gefunden. Ein Camper wollte auf eigene Faust zum Seeufer fahren und hat sich im Sand eingegraben. Doch mit Seilwinde und Bergegurt kann dem Mann geholfen werden.<\/p>\n<p><!--nextpage--><\/p>\n<p>Wir fahren weiter um die Prespa-Seen. In Sichtweite zu Albanien liegt eine Einsiedlerh\u00f6hle, zu der wir wandern wollen.<\/p>\n<p><a href=\"https:\/\/www.ufftour.de\/wp-content\/uploads\/2008\/04\/img_3631.jpg\"><img loading=\"lazy\" decoding=\"async\" class=\"aligncenter size-full wp-image-251\" title=\"img_3631\" src=\"https:\/\/www.ufftour.de\/wp-content\/uploads\/2008\/04\/img_3631.jpg\" alt=\"\" width=\"333\" height=\"500\" srcset=\"https:\/\/www.ufftour.de\/wp-content\/uploads\/2008\/04\/img_3631.jpg 333w, https:\/\/www.ufftour.de\/wp-content\/uploads\/2008\/04\/img_3631-199x300.jpg 199w\" sizes=\"auto, (max-width: 333px) 100vw, 333px\" \/><\/a><\/p>\n<p><a href=\"https:\/\/www.ufftour.de\/wp-content\/uploads\/2008\/04\/img_3643.jpg\"><img loading=\"lazy\" decoding=\"async\" class=\"aligncenter size-full wp-image-252\" title=\"img_3643\" src=\"https:\/\/www.ufftour.de\/wp-content\/uploads\/2008\/04\/img_3643.jpg\" alt=\"\" width=\"500\" height=\"333\" srcset=\"https:\/\/www.ufftour.de\/wp-content\/uploads\/2008\/04\/img_3643.jpg 500w, https:\/\/www.ufftour.de\/wp-content\/uploads\/2008\/04\/img_3643-300x199.jpg 300w\" sizes=\"auto, (max-width: 500px) 100vw, 500px\" \/><\/a><br \/>\n<em> Dieser Einsiedler hatte sich sogar eine bescheidene Kapelle gebaut.<\/em><\/p>\n<p>\u00dcber Forstwege erreichen wird die Insel \"Agios Achillios\". Diese Insel im kleinen Prespa-See ist nur \u00fcber eine Fu\u00dfg\u00e4ngerbr\u00fccke zu erreichen. Auf der Insel finden sich verschiedene Klosterruinen aus antiker und byzantinischer Zeit. Wir erwandern das kleine Eiland auf Trampelpfaden.<\/p>\n<p><a href=\"https:\/\/www.ufftour.de\/wp-content\/uploads\/2008\/04\/img_3708.jpg\"><img loading=\"lazy\" decoding=\"async\" class=\"aligncenter size-full wp-image-255\" title=\"img_3708\" src=\"https:\/\/www.ufftour.de\/wp-content\/uploads\/2008\/04\/img_3708.jpg\" alt=\"\" width=\"500\" height=\"333\" srcset=\"https:\/\/www.ufftour.de\/wp-content\/uploads\/2008\/04\/img_3708.jpg 500w, https:\/\/www.ufftour.de\/wp-content\/uploads\/2008\/04\/img_3708-300x199.jpg 300w\" sizes=\"auto, (max-width: 500px) 100vw, 500px\" \/><\/a><\/p>\n<p>Danach ist weite Fahrt angesagt: Es geht Richtung Kerkini-See, \u00fcber Florina, Edessa und Polykastro. Unterwegs erleben wir einen Wolkenbruch. Auf den Strassen steht das Wasser teilweise 30cm hoch, da ganz offensichtlich keine Kanalisation vorhanden ist. Am Doirani-See (an der Grenze zu Mazedonien) finden wir einen \u00dcbernachtungsplatz.<\/p>\n<p>Weiter geht es zum Kerkini-See. Diesem fehlt jetzt im Sommer einiges an Wasser. Auch wegen der Bew\u00e4sserung der umliegenden Felder. Trotzdem sind verschiedene Vogelarten zu entdecken: Pelikane, Reiher und jede Menge St\u00f6rche. In den D\u00f6rfern der Umgebung nisten diese auf den Strommasten.<\/p>\n<p><a href=\"https:\/\/www.ufftour.de\/wp-content\/uploads\/2008\/04\/img_3752.jpg\"><img loading=\"lazy\" decoding=\"async\" class=\"aligncenter size-full wp-image-257\" title=\"img_3752\" src=\"https:\/\/www.ufftour.de\/wp-content\/uploads\/2008\/04\/img_3752.jpg\" alt=\"\" width=\"500\" height=\"333\" srcset=\"https:\/\/www.ufftour.de\/wp-content\/uploads\/2008\/04\/img_3752.jpg 500w, https:\/\/www.ufftour.de\/wp-content\/uploads\/2008\/04\/img_3752-300x199.jpg 300w\" sizes=\"auto, (max-width: 500px) 100vw, 500px\" \/><\/a><\/p>\n<p>Am See finden wir keinen sch\u00f6nen Platz. Also versuchen wir es am Fluss Strimanos, der aus dem See ab Richtung Meer flie\u00dft. Aber auch hier haben wir kein Gl\u00fcck (der Flu\u00df ist praktisch \u00fcberall von Wald und Gestr\u00fcpp eingefasst). Also weiter bis ans Meer und dort ein einsamer Platz gesucht, was auch gelingt.<\/p>\n<p><!--nextpage--><\/p>\n<p>Wir fahren nach Kavalla und wollen von dort aus mit der F\u00e4hre nach Samothraki. Das ist aber nicht so einfach. Die F\u00e4hre f\u00e4hrt nur einmal pro Woche. Man empfiehlt uns, von Alexandroupoli aus zu fahren. Also weiter auf dem Landweg. Dann wollen wir auch gerade das Nestos-Delta mitnehmen. Dort suchen wir lange einen Weg zum Fluss, kommen aber nicht ran. Der Wald ist hier sehr dicht, ja urspr\u00fcnglich. Man meint sich eher im Amazonas, denn in Griechenland. Schlie\u00dflich finden wir doch direkt am Fluss einen Platz, nicht weit von einem Waldkaffee am Nestos. Morgen geht es weiter Richtung Osten.<\/p>\n<p><a href=\"https:\/\/www.ufftour.de\/wp-content\/uploads\/2008\/04\/img_3792.jpg\"><img loading=\"lazy\" decoding=\"async\" class=\"aligncenter size-full wp-image-258\" title=\"img_3792\" src=\"https:\/\/www.ufftour.de\/wp-content\/uploads\/2008\/04\/img_3792.jpg\" alt=\"\" width=\"500\" height=\"333\" srcset=\"https:\/\/www.ufftour.de\/wp-content\/uploads\/2008\/04\/img_3792.jpg 500w, https:\/\/www.ufftour.de\/wp-content\/uploads\/2008\/04\/img_3792-300x199.jpg 300w\" sizes=\"auto, (max-width: 500px) 100vw, 500px\" \/><\/a><\/p>\n<p>Auf dem Weg nach Alexandropoli kommen wir am Kloster Agios Nikolaos vorbei, dass auf Stelzen in einer Lagune erbaut wurde. Im Kloster leben auch noch M\u00f6nche.<\/p>\n<p><a href=\"https:\/\/www.ufftour.de\/wp-content\/uploads\/2008\/04\/img_3831.jpg\"><img loading=\"lazy\" decoding=\"async\" class=\"aligncenter size-full wp-image-259\" title=\"img_3831\" src=\"https:\/\/www.ufftour.de\/wp-content\/uploads\/2008\/04\/img_3831.jpg\" alt=\"\" width=\"500\" height=\"333\" srcset=\"https:\/\/www.ufftour.de\/wp-content\/uploads\/2008\/04\/img_3831.jpg 500w, https:\/\/www.ufftour.de\/wp-content\/uploads\/2008\/04\/img_3831-300x199.jpg 300w\" sizes=\"auto, (max-width: 500px) 100vw, 500px\" \/><\/a><\/p>\n<p>Tags darauf fahren wir in Alexandroupoli auf die F\u00e4hre nach Samothraki. Auf der \u00dcberfahrt k\u00f6nnen wir Delphine beobachten, fotografieren und filmen. In Samothraki angekommen fahren wir zum Strand von Pahhia Ammos an der s\u00fcdlichsten Spitze der Insel und beziehen dort Nachtlager.<\/p>\n<p><a href=\"https:\/\/www.ufftour.de\/wp-content\/uploads\/2008\/04\/img_3878.jpg\"><img loading=\"lazy\" decoding=\"async\" class=\"aligncenter size-full wp-image-260\" title=\"img_3878\" src=\"https:\/\/www.ufftour.de\/wp-content\/uploads\/2008\/04\/img_3878.jpg\" alt=\"\" width=\"500\" height=\"333\" srcset=\"https:\/\/www.ufftour.de\/wp-content\/uploads\/2008\/04\/img_3878.jpg 500w, https:\/\/www.ufftour.de\/wp-content\/uploads\/2008\/04\/img_3878-300x199.jpg 300w\" sizes=\"auto, (max-width: 500px) 100vw, 500px\" \/><\/a><\/p>\n<p><em>Samothraki von der F\u00e4hre aus<\/em><\/p>\n<p>Gestern hatten wir hoch in den Bergen eine kleine Kapelle entdeckt und fragten uns, ob diese wohl mit dem Auto zu erreichen sei. Also los und den Weg gesucht. In der Tat finden wir hin.<\/p>\n<p><a href=\"https:\/\/www.ufftour.de\/wp-content\/uploads\/2008\/04\/img_3941.jpg\"><img loading=\"lazy\" decoding=\"async\" class=\"aligncenter size-full wp-image-261\" title=\"img_3941\" src=\"https:\/\/www.ufftour.de\/wp-content\/uploads\/2008\/04\/img_3941.jpg\" alt=\"\" width=\"500\" height=\"333\" srcset=\"https:\/\/www.ufftour.de\/wp-content\/uploads\/2008\/04\/img_3941.jpg 500w, https:\/\/www.ufftour.de\/wp-content\/uploads\/2008\/04\/img_3941-300x199.jpg 300w\" sizes=\"auto, (max-width: 500px) 100vw, 500px\" \/><\/a><\/p>\n<p><em>Auf dem Weg zur Kapelle<\/em><\/p>\n<p><a href=\"https:\/\/www.ufftour.de\/wp-content\/uploads\/2008\/04\/img_3926.jpg\"><img loading=\"lazy\" decoding=\"async\" class=\"aligncenter size-full wp-image-282\" title=\"img_3926\" src=\"https:\/\/www.ufftour.de\/wp-content\/uploads\/2008\/04\/img_3926.jpg\" alt=\"\" width=\"500\" height=\"333\" srcset=\"https:\/\/www.ufftour.de\/wp-content\/uploads\/2008\/04\/img_3926.jpg 500w, https:\/\/www.ufftour.de\/wp-content\/uploads\/2008\/04\/img_3926-300x199.jpg 300w\" sizes=\"auto, (max-width: 500px) 100vw, 500px\" \/><\/a><\/p>\n<p><em>In absoluter Abgeschiedenheit bewundern wir die Ikonen und den Ausblick auf den Strand, an dem wir tags zuvor \u00fcbernachtet hatten.<\/em><\/p>\n<p>Ein Muss in Samothraki ist eine Wanderung durch den M\u00e4rchenwald am Fluss Fonias. Man ahnt die Sch\u00f6pfungskraft der Natur beim Anblick der gro\u00dfen alten Platanen und Eukalyptus-B\u00e4ume.<\/p>\n<p>Der Fluss ist eher ein Bach. Doch am Ende des begehbaren Weges f\u00e4llt ein Wasserfall gut 15m tief in ein Becken. Wir und andere nutzen die Gelegenheit zum Schwimmen.<\/p>\n<p><a href=\"https:\/\/www.ufftour.de\/wp-content\/uploads\/2008\/04\/img_3973.jpg\"><img loading=\"lazy\" decoding=\"async\" class=\"aligncenter size-full wp-image-262\" title=\"img_3973\" src=\"https:\/\/www.ufftour.de\/wp-content\/uploads\/2008\/04\/img_3973.jpg\" alt=\"\" width=\"500\" height=\"333\" srcset=\"https:\/\/www.ufftour.de\/wp-content\/uploads\/2008\/04\/img_3973.jpg 500w, https:\/\/www.ufftour.de\/wp-content\/uploads\/2008\/04\/img_3973-300x199.jpg 300w\" sizes=\"auto, (max-width: 500px) 100vw, 500px\" \/><\/a><\/p>\n<p><a href=\"https:\/\/www.ufftour.de\/wp-content\/uploads\/2008\/04\/img_3977.jpg\"><img loading=\"lazy\" decoding=\"async\" class=\"aligncenter size-full wp-image-263\" title=\"img_3977\" src=\"https:\/\/www.ufftour.de\/wp-content\/uploads\/2008\/04\/img_3977.jpg\" alt=\"\" width=\"500\" height=\"333\" srcset=\"https:\/\/www.ufftour.de\/wp-content\/uploads\/2008\/04\/img_3977.jpg 500w, https:\/\/www.ufftour.de\/wp-content\/uploads\/2008\/04\/img_3977-300x199.jpg 300w\" sizes=\"auto, (max-width: 500px) 100vw, 500px\" \/><\/a><\/p>\n<p><em>Baden und Duschen unter Wasserfall...<\/em><\/p>\n<p>Nach einer kleinen Rundtour um die Insel campieren wir direkt am Strand. Am n\u00e4chsten Morgen geht es zur\u00fcck aufs Festland, Samothraki behalten wir in guter Erinnerung.<\/p>\n<p><a href=\"https:\/\/www.ufftour.de\/wp-content\/uploads\/2008\/04\/img_4013.jpg\"><img loading=\"lazy\" decoding=\"async\" class=\"aligncenter size-full wp-image-264\" title=\"img_4013\" src=\"https:\/\/www.ufftour.de\/wp-content\/uploads\/2008\/04\/img_4013.jpg\" alt=\"\" width=\"500\" height=\"333\" srcset=\"https:\/\/www.ufftour.de\/wp-content\/uploads\/2008\/04\/img_4013.jpg 500w, https:\/\/www.ufftour.de\/wp-content\/uploads\/2008\/04\/img_4013-300x199.jpg 300w\" sizes=\"auto, (max-width: 500px) 100vw, 500px\" \/><\/a><\/p>\n<p><!--nextpage--><\/p>\n<p>Das n\u00e4chste Ziel ist das Evros-Delta, direkt an der Grenze zur T\u00fcrkei. Im Fr\u00fchjahr, Herbst und Winter ein Vogelparadies, hier \u00fcberwintern Millionen von V\u00f6gel und ebenso viele machen Rast auf dem Weg in den S\u00fcden. Leider sind wir zur falschen Jahreszeit da. Nur wenige Tiere sind zu sehen.<\/p>\n<p><a href=\"https:\/\/www.ufftour.de\/wp-content\/uploads\/2008\/04\/img_4032.jpg\"><img loading=\"lazy\" decoding=\"async\" class=\"aligncenter size-full wp-image-265\" title=\"img_4032\" src=\"https:\/\/www.ufftour.de\/wp-content\/uploads\/2008\/04\/img_4032.jpg\" alt=\"\" width=\"500\" height=\"333\" srcset=\"https:\/\/www.ufftour.de\/wp-content\/uploads\/2008\/04\/img_4032.jpg 500w, https:\/\/www.ufftour.de\/wp-content\/uploads\/2008\/04\/img_4032-300x199.jpg 300w\" sizes=\"auto, (max-width: 500px) 100vw, 500px\" \/><\/a><\/p>\n<p>Nicht weit vom Delta finden wir einen kleinen See, aus dem neben den vielen Fr\u00f6schen auch andere K\u00f6pfchen aus dem Wasser ragen. \"Was ist das?\" fragen wir uns. Und siehe da, jede Menge Wasserschildkr\u00f6ten leben hier. \u00dcbrigens die einzigen, die wir zu Gesicht bekommen.<\/p>\n<p><a href=\"https:\/\/www.ufftour.de\/wp-content\/uploads\/2008\/04\/img_4058.jpg\"><img loading=\"lazy\" decoding=\"async\" class=\"aligncenter size-full wp-image-266\" title=\"img_4058\" src=\"https:\/\/www.ufftour.de\/wp-content\/uploads\/2008\/04\/img_4058.jpg\" alt=\"\" width=\"500\" height=\"333\" srcset=\"https:\/\/www.ufftour.de\/wp-content\/uploads\/2008\/04\/img_4058.jpg 500w, https:\/\/www.ufftour.de\/wp-content\/uploads\/2008\/04\/img_4058-300x199.jpg 300w\" sizes=\"auto, (max-width: 500px) 100vw, 500px\" \/><\/a><\/p>\n<p>Im Osten Nordgriechenlands liegt der Dadia-Forest. Ein riesiges Waldgebiet, dessen Inneres streng gesch\u00fctzt ist. Hier leben 33 der 36 in Europa vorkommenden Greifvogel-Arten. Schon fr\u00fch am Morgen treffen wir an der Parkverwaltung ein und wandern zum Aussichtspunkt in der Hoffnung, ein paar Greife vor das Fernglas und die Kamera zu bekommen. Man macht uns wenig Hoffnung, da es sehr heiss ist. Einige wenige V\u00f6gel sehen wir.<\/p>\n<p><a href=\"https:\/\/www.ufftour.de\/wp-content\/uploads\/2008\/04\/img_4130.jpg\"><img loading=\"lazy\" decoding=\"async\" class=\"aligncenter size-full wp-image-269\" title=\"img_4130\" src=\"https:\/\/www.ufftour.de\/wp-content\/uploads\/2008\/04\/img_4130.jpg\" alt=\"\" width=\"500\" height=\"333\" srcset=\"https:\/\/www.ufftour.de\/wp-content\/uploads\/2008\/04\/img_4130.jpg 500w, https:\/\/www.ufftour.de\/wp-content\/uploads\/2008\/04\/img_4130-300x199.jpg 300w\" sizes=\"auto, (max-width: 500px) 100vw, 500px\" \/><\/a><\/p>\n<p><a href=\"https:\/\/www.ufftour.de\/wp-content\/uploads\/2008\/04\/img_4148.jpg\"><img loading=\"lazy\" decoding=\"async\" class=\"aligncenter size-full wp-image-270\" title=\"img_4148\" src=\"https:\/\/www.ufftour.de\/wp-content\/uploads\/2008\/04\/img_4148.jpg\" alt=\"\" width=\"500\" height=\"333\" srcset=\"https:\/\/www.ufftour.de\/wp-content\/uploads\/2008\/04\/img_4148.jpg 500w, https:\/\/www.ufftour.de\/wp-content\/uploads\/2008\/04\/img_4148-300x199.jpg 300w\" sizes=\"auto, (max-width: 500px) 100vw, 500px\" \/><\/a><\/p>\n<p><em>Auch dass die Parkmitarbeiter Schweinekadaver auslegen, bringt nicht wirklich Erfolg.<\/em><\/p>\n<p>Nach einem Bummel durch den Ort Dadia fahren wir weiter und trinken Kaffee in einer Frauen-Kommune. Hier leben seit den 60er-Jahren alleinstehende Frauen und bestreiten Ihren Lebensunterhalt durch den Verkauf von selbsthergestellten Nudeln, Honig und anderen Lebensmitteln, sowie Handarbeiten.<\/p>\n<p><!--nextpage--><\/p>\n<p>Ab nun geht unsere Fahrt westw\u00e4rts. Zun\u00e4chst passieren wir den muslimischen Teil Nordgriechenlands. Praktisch jedes Dorf hat ein Minarett. Die Menschen leben in erster Linie vom Tabakanbau. Der Tabak wird in gleisender Sonne meist von verh\u00fcllten Frauen gepfl\u00fcckt und auf gro\u00dfen Gestellen getrocknet.<\/p>\n<p><a href=\"https:\/\/www.ufftour.de\/wp-content\/uploads\/2008\/04\/img_4097.jpg\"><img loading=\"lazy\" decoding=\"async\" class=\"aligncenter size-full wp-image-267\" title=\"img_4097\" src=\"https:\/\/www.ufftour.de\/wp-content\/uploads\/2008\/04\/img_4097.jpg\" alt=\"\" width=\"500\" height=\"333\" srcset=\"https:\/\/www.ufftour.de\/wp-content\/uploads\/2008\/04\/img_4097.jpg 500w, https:\/\/www.ufftour.de\/wp-content\/uploads\/2008\/04\/img_4097-300x199.jpg 300w\" sizes=\"auto, (max-width: 500px) 100vw, 500px\" \/><\/a><\/p>\n<p><a href=\"https:\/\/www.ufftour.de\/wp-content\/uploads\/2008\/04\/img_4199.jpg\"><img loading=\"lazy\" decoding=\"async\" class=\"aligncenter size-full wp-image-271\" title=\"img_4199\" src=\"https:\/\/www.ufftour.de\/wp-content\/uploads\/2008\/04\/img_4199.jpg\" alt=\"\" width=\"500\" height=\"333\" srcset=\"https:\/\/www.ufftour.de\/wp-content\/uploads\/2008\/04\/img_4199.jpg 500w, https:\/\/www.ufftour.de\/wp-content\/uploads\/2008\/04\/img_4199-300x199.jpg 300w\" sizes=\"auto, (max-width: 500px) 100vw, 500px\" \/><\/a><\/p>\n<p><a href=\"https:\/\/www.ufftour.de\/wp-content\/uploads\/2008\/04\/img_4099.jpg\"><img loading=\"lazy\" decoding=\"async\" class=\"aligncenter size-full wp-image-268\" title=\"img_4099\" src=\"https:\/\/www.ufftour.de\/wp-content\/uploads\/2008\/04\/img_4099.jpg\" alt=\"\" width=\"500\" height=\"333\" srcset=\"https:\/\/www.ufftour.de\/wp-content\/uploads\/2008\/04\/img_4099.jpg 500w, https:\/\/www.ufftour.de\/wp-content\/uploads\/2008\/04\/img_4099-300x199.jpg 300w\" sizes=\"auto, (max-width: 500px) 100vw, 500px\" \/><\/a><\/p>\n<p><em>Die Muslime hier sind sehr arm, was man nicht zuletzt am Zustand der Friedh\u00f6fe erkennen kann.<\/em><\/p>\n<p><a href=\"https:\/\/www.ufftour.de\/wp-content\/uploads\/2008\/04\/img_4204.jpg\"><img loading=\"lazy\" decoding=\"async\" class=\"aligncenter size-full wp-image-272\" title=\"img_4204\" src=\"https:\/\/www.ufftour.de\/wp-content\/uploads\/2008\/04\/img_4204.jpg\" alt=\"\" width=\"500\" height=\"333\" srcset=\"https:\/\/www.ufftour.de\/wp-content\/uploads\/2008\/04\/img_4204.jpg 500w, https:\/\/www.ufftour.de\/wp-content\/uploads\/2008\/04\/img_4204-300x199.jpg 300w\" sizes=\"auto, (max-width: 500px) 100vw, 500px\" \/><\/a><\/p>\n<p><em>Welche eine Pracht dagegen auf den orthodoxen Friedh\u00f6fen...<\/em><\/p>\n<p><!--nextpage--><\/p>\n<p>Wir fahren weiter Richtung Thessaloniki auf die Halbinsel Chalkidiki. Die autonome M\u00f6nchsrepublik am heiligen Berg Athos ist das Ziel. Auf der Halbinsel liegen 20 Gro\u00df-Kl\u00f6ster. Athos ist der Mittelpunkt der griechisch-orthodoxen Kirche. Rund 2000 M\u00f6nche leben hier. Das Betreten dieser eigenst\u00e4ndigen Republik ist nur wenigen m\u00e4nnlichen orthodoxen Pilgern gestattet. Diese m\u00fcssen den Besuch lange vorher beantragen. F\u00fcr Frauen ist das Betreten der Republik nach wie vor verboten. Trotz Mitgliedschaft in der EU. \u00dcbrigens d\u00fcrfen auch keine weiblichen Tiere auf Athos leben...<br \/>\nTouristen k\u00f6nnen mit einem Ausflugsboot an der K\u00fcste entlang fahren, wo die meisten Kl\u00f6ster liegen. Da unsere Reise langsam zu Ende geht, k\u00f6nnen wir nicht bis zum n\u00e4chsten Tag warten, bis das n\u00e4chste Schiff f\u00e4hrt.<\/p>\n<p><a href=\"https:\/\/www.ufftour.de\/wp-content\/uploads\/2008\/04\/img_4246.jpg\"><img loading=\"lazy\" decoding=\"async\" class=\"aligncenter size-full wp-image-274\" title=\"img_4246\" src=\"https:\/\/www.ufftour.de\/wp-content\/uploads\/2008\/04\/img_4246.jpg\" alt=\"\" width=\"500\" height=\"333\" srcset=\"https:\/\/www.ufftour.de\/wp-content\/uploads\/2008\/04\/img_4246.jpg 500w, https:\/\/www.ufftour.de\/wp-content\/uploads\/2008\/04\/img_4246-300x199.jpg 300w\" sizes=\"auto, (max-width: 500px) 100vw, 500px\" \/><\/a><\/p>\n<p><em>In Sichtweite des heiligen Berg Athos verbringen wir die Nacht.<\/em><\/p>\n<p>Weiter geht die Reise. Auf dem Weg zu den Meteora-Kl\u00f6stern passieren wir den zweiten heiligen Berg in Griechenland: den Olymp.<\/p>\n<p><!--nextpage--><\/p>\n<p>Westlich des Olymp liegt eine Region, in der die Natur wundersame Dinge vollbracht hat. In einer weiten Tiefebene ragen senkrechte Felsformationen wie Finger oder T\u00fcrme hervor. Schon im 11. Jahrhundert wurden auf einigen dieser Felsformationen Kl\u00f6ster oder Einsiedeleien errichtet. Lange Jahrhunderte waren diese Kl\u00f6ster nur \u00fcber Strickleitern oder Aufz\u00fcge zug\u00e4nglich. Dem entsprechend sicher und ungest\u00f6rt spielte sich das Klosterleben ab.<\/p>\n<p><a href=\"https:\/\/www.ufftour.de\/wp-content\/uploads\/2008\/04\/img_4353.jpg\"><img loading=\"lazy\" decoding=\"async\" class=\"aligncenter size-full wp-image-276\" title=\"img_4353\" src=\"https:\/\/www.ufftour.de\/wp-content\/uploads\/2008\/04\/img_4353.jpg\" alt=\"\" width=\"500\" height=\"333\" srcset=\"https:\/\/www.ufftour.de\/wp-content\/uploads\/2008\/04\/img_4353.jpg 500w, https:\/\/www.ufftour.de\/wp-content\/uploads\/2008\/04\/img_4353-300x199.jpg 300w\" sizes=\"auto, (max-width: 500px) 100vw, 500px\" \/><\/a><\/p>\n<p><a href=\"https:\/\/www.ufftour.de\/wp-content\/uploads\/2008\/04\/img_4343.jpg\"><img loading=\"lazy\" decoding=\"async\" class=\"aligncenter size-full wp-image-275\" title=\"img_4343\" src=\"https:\/\/www.ufftour.de\/wp-content\/uploads\/2008\/04\/img_4343.jpg\" alt=\"\" width=\"500\" height=\"333\" srcset=\"https:\/\/www.ufftour.de\/wp-content\/uploads\/2008\/04\/img_4343.jpg 500w, https:\/\/www.ufftour.de\/wp-content\/uploads\/2008\/04\/img_4343-300x199.jpg 300w\" sizes=\"auto, (max-width: 500px) 100vw, 500px\" \/><\/a><\/p>\n<p>Bis heute ist ungekl\u00e4rt, wie diese Felsformationen entstanden. Verschiedene Theorien sehen die Ursache in Erosion durch Wind und Wasser. Andere vermuten, dass hier zu Urzeiten ein riesiger See angestaut war, dessen nat\u00fcrlicher Stammdamm nachgab und Unmengen Wasser in kurzer Zeit abfloss. Die Erkl\u00e4rung der orthodoxen Gl\u00e4ubigen ist einfacher: Gott selbst hat diese Formationen geschaffen, um diesen einmaligen Platz f\u00fcr die Kl\u00f6ster zu schaffen.<\/p>\n<p><a href=\"https:\/\/www.ufftour.de\/wp-content\/uploads\/2008\/04\/img_4358.jpg\"><img loading=\"lazy\" decoding=\"async\" class=\"aligncenter size-full wp-image-277\" title=\"img_4358\" src=\"https:\/\/www.ufftour.de\/wp-content\/uploads\/2008\/04\/img_4358.jpg\" alt=\"\" width=\"500\" height=\"333\" srcset=\"https:\/\/www.ufftour.de\/wp-content\/uploads\/2008\/04\/img_4358.jpg 500w, https:\/\/www.ufftour.de\/wp-content\/uploads\/2008\/04\/img_4358-300x199.jpg 300w\" sizes=\"auto, (max-width: 500px) 100vw, 500px\" \/><\/a><\/p>\n<p><a href=\"https:\/\/www.ufftour.de\/wp-content\/uploads\/2008\/04\/img_4365.jpg\"><img loading=\"lazy\" decoding=\"async\" class=\"aligncenter size-full wp-image-278\" title=\"img_4365\" src=\"https:\/\/www.ufftour.de\/wp-content\/uploads\/2008\/04\/img_4365.jpg\" alt=\"\" width=\"500\" height=\"333\" srcset=\"https:\/\/www.ufftour.de\/wp-content\/uploads\/2008\/04\/img_4365.jpg 500w, https:\/\/www.ufftour.de\/wp-content\/uploads\/2008\/04\/img_4365-300x199.jpg 300w\" sizes=\"auto, (max-width: 500px) 100vw, 500px\" \/><\/a><\/p>\n<p><em>Klostermitarbeiter fahren in einer Gondel vom Felsplateau<\/em><\/p>\n<p><a href=\"https:\/\/www.ufftour.de\/wp-content\/uploads\/2008\/04\/img_4376.jpg\"><img loading=\"lazy\" decoding=\"async\" class=\"aligncenter size-full wp-image-279\" title=\"img_4376\" src=\"https:\/\/www.ufftour.de\/wp-content\/uploads\/2008\/04\/img_4376.jpg\" alt=\"\" width=\"500\" height=\"333\" srcset=\"https:\/\/www.ufftour.de\/wp-content\/uploads\/2008\/04\/img_4376.jpg 500w, https:\/\/www.ufftour.de\/wp-content\/uploads\/2008\/04\/img_4376-300x199.jpg 300w\" sizes=\"auto, (max-width: 500px) 100vw, 500px\" \/><\/a><\/p>\n<p>Im Gegensatz zum Berg Athos, sind die Meteora-Kl\u00f6ster touristisch voll erschlossen und t\u00e4glich dr\u00e4ngen sich tausende Besucher durch die Kl\u00f6ster. Ruhe haben die wenigen verbliebenen M\u00f6nche nur an einem Tag in der Woche, denn jedes Kloster hat w\u00f6chentlich einen Ruhetag. Trotz der vielen Touristen sind wir tief beeindruckt, als wir diesen einmaligen Ort verlassen und das letzte Teilst\u00fcck Richtung F\u00e4hre in Angriff nehmen.<\/p>\n<p><!--nextpage--><\/p>\n<p>Bei allen sch\u00f6nen Eindr\u00fccken, bleibt eines negativ im Ged\u00e4chtnis: und das ist der M\u00fcll, der \u00fcberall herumliegt. F\u00fcr viele Griechen ist es normal, M\u00fcll einfach an der Strasse abzuladen. Wir haben mehrfach gesehen, dass ein Auto anhielt und der Fahrer seelenruhig seine M\u00fcllt\u00fcten in den Stra\u00dfengraben warf.<br \/>\nDoch das war das Einzige was uns in Nordgriechenland nicht gefallen hat.<\/p>\n<p><a href=\"https:\/\/www.ufftour.de\/wp-content\/uploads\/2008\/04\/img_4232.jpg\"><img loading=\"lazy\" decoding=\"async\" class=\"aligncenter size-full wp-image-273\" title=\"img_4232\" src=\"https:\/\/www.ufftour.de\/wp-content\/uploads\/2008\/04\/img_4232.jpg\" alt=\"\" width=\"500\" height=\"333\" srcset=\"https:\/\/www.ufftour.de\/wp-content\/uploads\/2008\/04\/img_4232.jpg 500w, https:\/\/www.ufftour.de\/wp-content\/uploads\/2008\/04\/img_4232-300x199.jpg 300w\" sizes=\"auto, (max-width: 500px) 100vw, 500px\" \/><\/a><\/p>\n<p><em>Nicht sch\u00f6n: Oftmals liegt M\u00fcll herum, auch in gr\u00f6\u00dferen Mengen. Einheimische erz\u00e4hlen uns, dass vielen Griechen noch das Gesp\u00fcr f\u00fcr Umweltschutz fehlt.<\/em><\/p>\n<p><!--nextpage--><\/p>\n<p>Den vorletzten Abend verbringen wir noch einmal hoch im K\u00fcstengebirge neben einer Sch\u00e4ferh\u00fctte und geniessen die herrliche Aussicht.<\/p>\n<p><a href=\"https:\/\/www.ufftour.de\/wp-content\/uploads\/2008\/04\/img_4544.jpg\"><img loading=\"lazy\" decoding=\"async\" class=\"aligncenter size-full wp-image-280\" title=\"img_4544\" src=\"https:\/\/www.ufftour.de\/wp-content\/uploads\/2008\/04\/img_4544.jpg\" alt=\"\" width=\"500\" height=\"333\" srcset=\"https:\/\/www.ufftour.de\/wp-content\/uploads\/2008\/04\/img_4544.jpg 500w, https:\/\/www.ufftour.de\/wp-content\/uploads\/2008\/04\/img_4544-300x199.jpg 300w\" sizes=\"auto, (max-width: 500px) 100vw, 500px\" \/><\/a><\/p>\n<p>Den letzten Tag vor der Abreise verbringen wir in der N\u00e4he von Igomenitsu im Strand und verarbeiten die tollen Eindr\u00fccke der letzten 3 Wochen...<\/p>\n<p><a href=\"https:\/\/www.ufftour.de\/wp-content\/uploads\/2008\/04\/img_4587.jpg\"><img loading=\"lazy\" decoding=\"async\" class=\"aligncenter size-full wp-image-281\" title=\"img_4587\" src=\"https:\/\/www.ufftour.de\/wp-content\/uploads\/2008\/04\/img_4587.jpg\" alt=\"\" width=\"500\" height=\"333\" srcset=\"https:\/\/www.ufftour.de\/wp-content\/uploads\/2008\/04\/img_4587.jpg 500w, https:\/\/www.ufftour.de\/wp-content\/uploads\/2008\/04\/img_4587-300x199.jpg 300w\" sizes=\"auto, (max-width: 500px) 100vw, 500px\" \/><\/a><\/p>\n<p><strong>Die Tour in Google Maps:<\/strong><\/p>\n<p><a href=\"http:\/\/maps.google.de\/maps\/ms?ie=UTF8&amp;hl=de&amp;msa=0&amp;output=nl&amp;msid=100404185461236146947.00046af3cde8003e8a526\">Google<\/a><\/p>\n","protected":false},"excerpt":{"rendered":"<p>geschrieben von Markus Str\u00e4nde, wei\u00dfe H\u00e4user und altert\u00fcmliche Skulpturen. Das sind Bilder, mit denen man Griechenland in Verbindung bringt. Doch der Norden Griechenlands ist v\u00f6llig anders. Also vergessen wir die Klischees und tauchen ein in ein wunderbare Naturlandschaft.<\/p>\n","protected":false},"author":3,"featured_media":0,"comment_status":"open","ping_status":"open","sticky":false,"template":"","format":"standard","meta":{"footnotes":""},"categories":[3],"tags":[27,26,30,29,28],"class_list":{"0":"post-142","1":"post","2":"type-post","3":"status-publish","4":"format-standard","6":"category-reiseberichte","7":"tag-griechenland","8":"tag-nordgriechenland","9":"tag-prespa-seen","10":"tag-samothraki","11":"tag-vikos","12":"h-entry","13":"hentry","14":"h-as-article"},"_links":{"self":[{"href":"https:\/\/www.ufftour.de\/index.php?rest_route=\/wp\/v2\/posts\/142","targetHints":{"allow":["GET"]}}],"collection":[{"href":"https:\/\/www.ufftour.de\/index.php?rest_route=\/wp\/v2\/posts"}],"about":[{"href":"https:\/\/www.ufftour.de\/index.php?rest_route=\/wp\/v2\/types\/post"}],"author":[{"embeddable":true,"href":"https:\/\/www.ufftour.de\/index.php?rest_route=\/wp\/v2\/users\/3"}],"replies":[{"embeddable":true,"href":"https:\/\/www.ufftour.de\/index.php?rest_route=%2Fwp%2Fv2%2Fcomments&post=142"}],"version-history":[{"count":2,"href":"https:\/\/www.ufftour.de\/index.php?rest_route=\/wp\/v2\/posts\/142\/revisions"}],"predecessor-version":[{"id":1879,"href":"https:\/\/www.ufftour.de\/index.php?rest_route=\/wp\/v2\/posts\/142\/revisions\/1879"}],"wp:attachment":[{"href":"https:\/\/www.ufftour.de\/index.php?rest_route=%2Fwp%2Fv2%2Fmedia&parent=142"}],"wp:term":[{"taxonomy":"category","embeddable":true,"href":"https:\/\/www.ufftour.de\/index.php?rest_route=%2Fwp%2Fv2%2Fcategories&post=142"},{"taxonomy":"post_tag","embeddable":true,"href":"https:\/\/www.ufftour.de\/index.php?rest_route=%2Fwp%2Fv2%2Ftags&post=142"}],"curies":[{"name":"wp","href":"https:\/\/api.w.org\/{rel}","templated":true}]}}