{"id":1157,"date":"2014-06-04T20:08:16","date_gmt":"2014-06-04T18:08:16","guid":{"rendered":"http:\/\/www.ufftour.de\/?p=1157"},"modified":"2020-03-29T20:41:38","modified_gmt":"2020-03-29T18:41:38","slug":"besuch-auf-dem-brakeler-heilschlamm-treffen","status":"publish","type":"post","link":"https:\/\/www.ufftour.de\/?p=1157","title":{"rendered":"Besuch auf dem Brakeler &#8222;Heilschlamm-Treffen&#8220;"},"content":{"rendered":"<p>Diesen Sommer geht es nach Island. Vom Saarland aus also Richtung Norden. Quasi auf dem Weg liegt Brakel und gl\u00fccklicherweise passte der Termin genau. Was lag also n\u00e4her als die&nbsp; M\u00e4dels und Jungs des \"Selbstfahrer e. V.\" (sehr treffender Name!) zu besuchen. Das Treffen fand zum 15. Mal statt und wir waren auch in der Vergangenheit mehrmals hier.<br \/>\nDer Wettergott war wie meist mit von der Partie und hatte vorab schon mehrere Tage die Wiese gew\u00e4ssert, so dass der bekannte Brakeler Heilschlamm vorbereitet war. Als Novum in der Geschichte musste in diesem Jahr schon ein Gro\u00dfteil der Besucher mit dem Trecker <strong>auf<\/strong> die Wiese geschleppt werden. Ab dem zweiten Tag hatte der Wettergott dann ein Einsehen und belohnte uns mit sch\u00f6nsten Sonnenschein. So konnte man sch\u00f6n am abendlichen Lagerfeuer sitzen und am Samstag an den lustigen Spielen teilnehmen (hallo Selbstfahrer: Die Spiele unbedingt beibehalten).<!--more--><\/p>\n<p><a href=\"https:\/\/www.ufftour.de\/wp-content\/uploads\/2014\/06\/wpid-wp-1401904378862.jpeg\"><img loading=\"lazy\" decoding=\"async\" title=\"wp-1401904378862\" class=\"alignnone size-full\" alt=\"image\" width=\"500\" height=\"333\" src=\"https:\/\/www.ufftour.de\/wp-content\/uploads\/2014\/06\/wpid-wp-1401904378862.jpeg\" \/><\/a><br \/>\n<em>Brakeler Heilschlamm<\/em><\/p>\n<p><a href=\"https:\/\/www.ufftour.de\/wp-content\/uploads\/2014\/06\/wpid-wp-1401904489409.jpeg\"><img loading=\"lazy\" decoding=\"async\" title=\"wp-1401904489409\" class=\"alignnone size-full\" alt=\"image\" width=\"500\" height=\"333\" src=\"https:\/\/www.ufftour.de\/wp-content\/uploads\/2014\/06\/wpid-wp-1401904489409.jpeg\" \/><\/a><\/p>\n<p><em>Lustige Spielchen mit Flossen und Luftballons<\/em><\/p>\n<p><a href=\"https:\/\/www.ufftour.de\/wp-content\/uploads\/2014\/06\/wpid-wp-1401904544305.jpeg\"><img loading=\"lazy\" decoding=\"async\" title=\"wp-1401904544305\" class=\"alignnone size-full\" alt=\"image\" width=\"500\" height=\"333\" src=\"https:\/\/www.ufftour.de\/wp-content\/uploads\/2014\/06\/wpid-wp-1401904544305.jpeg\" \/><\/a><\/p>\n<p><em>Geschicklichkeit war gefragt beim Durchsteigen durch einen Ring.<\/em><\/p>\n<p>Nach dem Treffen ging es f\u00fcr mich weiter. Zun\u00e4chst zu Gerda und J\u00fcrgen, wo ich zwei sch\u00f6ne Tage verbrachte (Danke nochmal an die zwei).<\/p>\n<p><a href=\"https:\/\/www.ufftour.de\/wp-content\/uploads\/2014\/06\/wpid-wp-1401905129369.jpeg\"><img loading=\"lazy\" decoding=\"async\" title=\"wp-1401905129369\" class=\"alignnone size-full\" alt=\"image\" width=\"500\" height=\"333\" src=\"https:\/\/www.ufftour.de\/wp-content\/uploads\/2014\/06\/wpid-wp-1401905129369.jpeg\" \/><\/a><\/p>\n<p><em>Letzte Optimierungen am Fahrzeug bei Gerda und J\u00fcrgen<\/em><\/p>\n<p>Dann weiter Richtung Hamburg, wo ich mir als Stellplatz den Altersruhesitz unseres alten Reichskanzlers Otto von Bismarck - Friedrichsruh - ausgesucht hatte. Zun\u00e4chst sei fest zu halten, dass Friedrichsruh dringend in \"Friedrichslaut\" um zu nennen ist. Der arme Bismarck liegt in seiner Gruft unmittelbar neben einer viel befahrenen Bahnstrecke. Wahrscheinlich hat er in den letzten 100 Jahren kein Auge zu bekommen. Naja, heute morgen habe ich mir noch die Ausstellung \"Bismarck und seine Zeit\" angesehen, bin dann weiter nach Hamburg was erledigen und Sitze nun am Ostseestrand und Tipps diese Zeilen. Morgen kommt Heike mit dem Zug nach Flensburg und dann geht es nach D\u00e4nemark, wo am Samstag die F\u00e4hre ablegt. <strong>Island wir kommen!!!<\/strong><\/p>\n","protected":false},"excerpt":{"rendered":"<p>Diesen Sommer geht es nach Island. Vom Saarland aus also Richtung Norden. Quasi auf dem Weg liegt Brakel und gl\u00fccklicherweise passte der Termin genau. Was lag also n\u00e4her als die&nbsp; M\u00e4dels und Jungs des \"Selbstfahrer e. V.\" (sehr treffender Name!) zu besuchen. Das Treffen fand zum 15. Mal statt und wir waren auch in der <a href=\"https:\/\/www.ufftour.de\/?p=1157\" class=\"more-link\">...weiterlesen<span class=\"screen-reader-text\"> \"Besuch auf dem Brakeler &#8222;Heilschlamm-Treffen&#8220;\"<\/span><\/a><\/p>\n","protected":false},"author":3,"featured_media":0,"comment_status":"closed","ping_status":"open","sticky":false,"template":"","format":"standard","meta":{"footnotes":""},"categories":[21,4],"tags":[],"class_list":{"0":"post-1157","1":"post","2":"type-post","3":"status-publish","4":"format-standard","6":"category-kurztrips","7":"category-treffen","8":"h-entry","9":"hentry","10":"h-as-article"},"_links":{"self":[{"href":"https:\/\/www.ufftour.de\/index.php?rest_route=\/wp\/v2\/posts\/1157","targetHints":{"allow":["GET"]}}],"collection":[{"href":"https:\/\/www.ufftour.de\/index.php?rest_route=\/wp\/v2\/posts"}],"about":[{"href":"https:\/\/www.ufftour.de\/index.php?rest_route=\/wp\/v2\/types\/post"}],"author":[{"embeddable":true,"href":"https:\/\/www.ufftour.de\/index.php?rest_route=\/wp\/v2\/users\/3"}],"replies":[{"embeddable":true,"href":"https:\/\/www.ufftour.de\/index.php?rest_route=%2Fwp%2Fv2%2Fcomments&post=1157"}],"version-history":[{"count":6,"href":"https:\/\/www.ufftour.de\/index.php?rest_route=\/wp\/v2\/posts\/1157\/revisions"}],"predecessor-version":[{"id":1164,"href":"https:\/\/www.ufftour.de\/index.php?rest_route=\/wp\/v2\/posts\/1157\/revisions\/1164"}],"wp:attachment":[{"href":"https:\/\/www.ufftour.de\/index.php?rest_route=%2Fwp%2Fv2%2Fmedia&parent=1157"}],"wp:term":[{"taxonomy":"category","embeddable":true,"href":"https:\/\/www.ufftour.de\/index.php?rest_route=%2Fwp%2Fv2%2Fcategories&post=1157"},{"taxonomy":"post_tag","embeddable":true,"href":"https:\/\/www.ufftour.de\/index.php?rest_route=%2Fwp%2Fv2%2Ftags&post=1157"}],"curies":[{"name":"wp","href":"https:\/\/api.w.org\/{rel}","templated":true}]}}